{"id":204225,"date":"2021-01-27T16:55:41","date_gmt":"2021-01-27T19:55:41","guid":{"rendered":"https:\/\/www.caririemacao.com\/1\/?p=204225"},"modified":"2021-01-27T16:55:43","modified_gmt":"2021-01-27T19:55:43","slug":"bill-gates-se-diz-surpreso-com-conspiracoes-loucas-e-mas-a-seu-respeito-em-meio-a-pandemia","status":"publish","type":"post","link":"https:\/\/www.caririemacao.com\/1\/2021\/01\/27\/bill-gates-se-diz-surpreso-com-conspiracoes-loucas-e-mas-a-seu-respeito-em-meio-a-pandemia\/","title":{"rendered":"Bill Gates se diz surpreso com conspira\u00e7\u00f5es &#8216;loucas&#8217; e &#8216;m\u00e1s&#8217; a seu respeito em meio \u00e0 pandemia"},"content":{"rendered":"\n<p>Bill Gates, fundador da Microsoft que se transformou em filantropo, disse nesta quarta-feira (27) que ficou surpreso com o volume de teorias conspirat\u00f3rias &#8220;loucas&#8221; e &#8220;m\u00e1s&#8221; a seu respeito.<\/p>\n\n\n\n<p>Diversas not\u00edcias falsas sobre Gates se espalharam nas redes sociais durante a pandemia de Covid-19, e ele afirmou que gostaria de explorar o que est\u00e1 por tr\u00e1s delas.<\/p>\n\n\n\n<p>Em entrevista \u00e0 Reuters, o filantropo disse que as milh\u00f5es de publica\u00e7\u00f5es e &#8220;teorias conspirat\u00f3rias loucas&#8221; sobre ele e o principal infectologista norte-americano, Anthony Fauci, provavelmente ganharam espa\u00e7o em parte por causa da combina\u00e7\u00e3o de uma pandemia assustadora e da ascens\u00e3o das redes sociais.<\/p>\n\n\n\n<p>&#8220;Ningu\u00e9m teria previsto que eu e o doutor Fauci ser\u00edamos t\u00e3o proeminentes nestas teorias realmente mal\u00e9ficas&#8221;, disse Gates. &#8220;Estou muito surpreso com isso. Espero que passe.&#8221;<\/p>\n\n\n\n<p>Gates, bilion\u00e1rio que deixou a presid\u00eancia da Microsoft em 2014, ofereceu ao menos US$ 1,75 bilh\u00e3o (R$ 9,4 bilh\u00f5es) em aux\u00edlio \u00e0 pandemia de Covid-19 por meio da Funda\u00e7\u00e3o Bill e Melinda Gates \u2013 o que inclui apoio a alguns fabricantes de vacinas, diagn\u00f3sticos e tratamentos em potencial.<\/p>\n\n\n\n<p>Desde que a pandemia come\u00e7ou, um ano atr\u00e1s, diversas conspira\u00e7\u00f5es se espalharam pela internet, alimentando a desinforma\u00e7\u00e3o sobre o coronav\u00edrus, suas origens e as raz\u00f5es daqueles que trabalham para enfrent\u00e1-lo.<\/p>\n\n\n\n<p>Entre elas, h\u00e1 alega\u00e7\u00f5es de que Fauci e Gates criaram a pandemia para tentarem controlar as pessoas, de que querem lucrar com a dissemina\u00e7\u00e3o do v\u00edrus e de que desejam usar vacinas para inserir microchips rastre\u00e1veis nas pessoas.<\/p>\n\n\n\n<p>&#8220;Mas as pessoas realmente acreditam nestas coisas?&#8221;, questionou Gates.<\/p>\n\n\n\n<p>Gates elogiou Fauci e Francis Collins, chefe do Instituto Nacional de Sa\u00fade dos Estados Unidos, por serem pessoas &#8220;inteligentes&#8221; e &#8220;maravilhosas&#8221; e disse que espera v\u00ea-los capazes de trabalhar eficientemente e dizer a verdade no novo governo do presidente, Joe Biden.<\/p>\n\n\n\n<p>ClickPB<\/p>\n","protected":false},"excerpt":{"rendered":"<p>Bill Gates, fundador da Microsoft que se transformou em filantropo, disse nesta quarta-feira (27) que ficou surpreso com o volume de teorias conspirat\u00f3rias &#8220;loucas&#8221; e&hellip; <\/p>\n","protected":false},"author":6,"featured_media":204231,"comment_status":"closed","ping_status":"closed","sticky":false,"template":"","format":"standard","meta":{"sfsi_plus_gutenberg_text_before_share":"","sfsi_plus_gutenberg_show_text_before_share":"","sfsi_plus_gutenberg_icon_type":"","sfsi_plus_gutenberg_icon_alignemt":"","sfsi_plus_gutenburg_max_per_row":"","footnotes":""},"categories":[50],"tags":[],"class_list":["post-204225","post","type-post","status-publish","format-standard","has-post-thumbnail","hentry","category-destaque"],"_links":{"self":[{"href":"https:\/\/www.caririemacao.com\/1\/wp-json\/wp\/v2\/posts\/204225","targetHints":{"allow":["GET"]}}],"collection":[{"href":"https:\/\/www.caririemacao.com\/1\/wp-json\/wp\/v2\/posts"}],"about":[{"href":"https:\/\/www.caririemacao.com\/1\/wp-json\/wp\/v2\/types\/post"}],"author":[{"embeddable":true,"href":"https:\/\/www.caririemacao.com\/1\/wp-json\/wp\/v2\/users\/6"}],"replies":[{"embeddable":true,"href":"https:\/\/www.caririemacao.com\/1\/wp-json\/wp\/v2\/comments?post=204225"}],"version-history":[{"count":1,"href":"https:\/\/www.caririemacao.com\/1\/wp-json\/wp\/v2\/posts\/204225\/revisions"}],"predecessor-version":[{"id":204232,"href":"https:\/\/www.caririemacao.com\/1\/wp-json\/wp\/v2\/posts\/204225\/revisions\/204232"}],"wp:featuredmedia":[{"embeddable":true,"href":"https:\/\/www.caririemacao.com\/1\/wp-json\/wp\/v2\/media\/204231"}],"wp:attachment":[{"href":"https:\/\/www.caririemacao.com\/1\/wp-json\/wp\/v2\/media?parent=204225"}],"wp:term":[{"taxonomy":"category","embeddable":true,"href":"https:\/\/www.caririemacao.com\/1\/wp-json\/wp\/v2\/categories?post=204225"},{"taxonomy":"post_tag","embeddable":true,"href":"https:\/\/www.caririemacao.com\/1\/wp-json\/wp\/v2\/tags?post=204225"}],"curies":[{"name":"wp","href":"https:\/\/api.w.org\/{rel}","templated":true}]}}