{"id":204233,"date":"2021-01-27T16:57:53","date_gmt":"2021-01-27T19:57:53","guid":{"rendered":"https:\/\/www.caririemacao.com\/1\/?p=204233"},"modified":"2021-01-27T16:57:56","modified_gmt":"2021-01-27T19:57:56","slug":"ong-realiza-feira-de-adocao-e-brecho-em-joao-pessoa-para-arrecadar-recursos-destinados-aos-cuidados-de-animais","status":"publish","type":"post","link":"https:\/\/www.caririemacao.com\/1\/2021\/01\/27\/ong-realiza-feira-de-adocao-e-brecho-em-joao-pessoa-para-arrecadar-recursos-destinados-aos-cuidados-de-animais\/","title":{"rendered":"ONG realiza feira de ado\u00e7\u00e3o e brech\u00f3 em Jo\u00e3o Pessoa para arrecadar recursos destinados aos cuidados de animais"},"content":{"rendered":"\n<p>O 1\u00ba Brech\u00f3 Beneficente do Emp\u00f3rio Feira do Tempo, no bairro do Banc\u00e1rios, acontecer\u00e1 nesta sexta-feira (29) e no s\u00e1bado (30). O espa\u00e7o ter\u00e1 10 expositores e vai arrecadar recursos para a manuten\u00e7\u00e3o de 180 animais abrigados na ONG Miss\u00e3o Patinha Felizes. A feira de produtos novos e usados estar\u00e1 aberta das 16 \u00e0s 20h, com controle de entrada, seguindo os protocolos de preven\u00e7\u00e3o ao novo coronav\u00edrus, segundo informa\u00e7\u00f5es obtidas pelo ClickPB.<\/p>\n\n\n\n<p>A presidente da ONG Miss\u00e3o Patinhas Felizes, Andreia Medeiros, disse que a ideia de cuidar dos animais nasceu da necessidade de socorrer sua pr\u00f3pria cadela condenada \u00e0 morte por ter contra\u00eddo a doen\u00e7a leishmaniose. &#8220;Com o tratamento consegui salv\u00e1-la e achei que outros animais precisavam ser salvos tamb\u00e9m. N\u00e3o mereciam a eutan\u00e1sia por causa de um mosquito.&#8221;<\/p>\n\n\n\n<p>Com abrigo pr\u00f3prio, a Miss\u00e3o Patinhas gasta cerca de R$ 6 mil a R$ 7 mil com ra\u00e7\u00e3o por m\u00eas com os animais resgatados. &#8220;Al\u00e9m disso, precisamos de recursos para medicamentos, rem\u00e9dios para matar carrapatos e realizar castra\u00e7\u00e3o. Ent\u00e3o, toda a ajuda \u00e9 bem-vinda e esses eventos ajudam a divulgar o nosso trabalho porque doa\u00e7\u00e3o para animais ainda \u00e9 muito pouca&#8221;, completa Andreia Medeiros.<\/p>\n\n\n\n<p>O brech\u00f3 de roupas novas e usadas, bazar, artesanatos, doces, salgados, pizzas tradicionais e veganas ser\u00e1 instalado no interior da loja da Feira do Tempo, na Rua Professora Carmem Moreira Coutinho, 335, em frente ao Col\u00e9gio Madre Tereza. A entrada \u00e9 franca e ainda haver\u00e1 animais para doa\u00e7\u00e3o no local.<\/p>\n\n\n\n<p>Para mais informa\u00e7\u00f5es, basta entrar em contato pelo n\u00famero (83) 99124-0438 ou 3225-9618. O evento \u00e9 uma realiza\u00e7\u00e3o do Emp\u00f3rio Feira do Tempo, Boia Vegana e Pizzaria Capit\u00e3o Farinha.<\/p>\n\n\n\n<p>ClickPB<\/p>\n","protected":false},"excerpt":{"rendered":"<p>O 1\u00ba Brech\u00f3 Beneficente do Emp\u00f3rio Feira do Tempo, no bairro do Banc\u00e1rios, acontecer\u00e1 nesta sexta-feira (29) e no s\u00e1bado (30). O espa\u00e7o ter\u00e1 10&hellip; <\/p>\n","protected":false},"author":6,"featured_media":204236,"comment_status":"closed","ping_status":"closed","sticky":false,"template":"","format":"standard","meta":{"sfsi_plus_gutenberg_text_before_share":"","sfsi_plus_gutenberg_show_text_before_share":"","sfsi_plus_gutenberg_icon_type":"","sfsi_plus_gutenberg_icon_alignemt":"","sfsi_plus_gutenburg_max_per_row":"","footnotes":""},"categories":[50,2],"tags":[],"class_list":["post-204233","post","type-post","status-publish","format-standard","has-post-thumbnail","hentry","category-destaque","category-geral"],"_links":{"self":[{"href":"https:\/\/www.caririemacao.com\/1\/wp-json\/wp\/v2\/posts\/204233","targetHints":{"allow":["GET"]}}],"collection":[{"href":"https:\/\/www.caririemacao.com\/1\/wp-json\/wp\/v2\/posts"}],"about":[{"href":"https:\/\/www.caririemacao.com\/1\/wp-json\/wp\/v2\/types\/post"}],"author":[{"embeddable":true,"href":"https:\/\/www.caririemacao.com\/1\/wp-json\/wp\/v2\/users\/6"}],"replies":[{"embeddable":true,"href":"https:\/\/www.caririemacao.com\/1\/wp-json\/wp\/v2\/comments?post=204233"}],"version-history":[{"count":1,"href":"https:\/\/www.caririemacao.com\/1\/wp-json\/wp\/v2\/posts\/204233\/revisions"}],"predecessor-version":[{"id":204237,"href":"https:\/\/www.caririemacao.com\/1\/wp-json\/wp\/v2\/posts\/204233\/revisions\/204237"}],"wp:featuredmedia":[{"embeddable":true,"href":"https:\/\/www.caririemacao.com\/1\/wp-json\/wp\/v2\/media\/204236"}],"wp:attachment":[{"href":"https:\/\/www.caririemacao.com\/1\/wp-json\/wp\/v2\/media?parent=204233"}],"wp:term":[{"taxonomy":"category","embeddable":true,"href":"https:\/\/www.caririemacao.com\/1\/wp-json\/wp\/v2\/categories?post=204233"},{"taxonomy":"post_tag","embeddable":true,"href":"https:\/\/www.caririemacao.com\/1\/wp-json\/wp\/v2\/tags?post=204233"}],"curies":[{"name":"wp","href":"https:\/\/api.w.org\/{rel}","templated":true}]}}