{"id":204238,"date":"2021-01-27T17:00:48","date_gmt":"2021-01-27T20:00:48","guid":{"rendered":"https:\/\/www.caririemacao.com\/1\/?p=204238"},"modified":"2021-01-27T17:00:51","modified_gmt":"2021-01-27T20:00:51","slug":"festival-de-cannes-e-adiado-para-julho-devido-a-pandemia","status":"publish","type":"post","link":"https:\/\/www.caririemacao.com\/1\/2021\/01\/27\/festival-de-cannes-e-adiado-para-julho-devido-a-pandemia\/","title":{"rendered":"Festival de Cannes \u00e9 adiado para julho devido \u00e0 pandemia"},"content":{"rendered":"\n<p>A organiza\u00e7\u00e3o do Festival de Cannes anunciou, nesta quarta-feira (27), que o evento, que acontece tradicionalmente em maio, ser\u00e1 realizado em julho, devido \u00e0 pandemia de Covid-19.<\/p>\n\n\n\n<p>Assim, a edi\u00e7\u00e3o de 2021 deve ocorrer entre os dias 6 e 17 de julho. Antes, as datas previstas eram de 11 a 22 de maio.<\/p>\n\n\n\n<p>&#8220;Como anunciado no \u00faltimo outono, o Festival de Cannes se reservava o direito de mudar suas datas dependendo do avan\u00e7o da situa\u00e7\u00e3o de sa\u00fade global&#8221;, informou a organiza\u00e7\u00e3o em comunicado.<\/p>\n\n\n\n<p>No ano passado, o festival, considerado um dos mais importantes eventos cinematogr\u00e1ficos do mundo, foi cancelado. No entanto, os organizadores acabaram realizando uma edi\u00e7\u00e3o especial entre os dias 27 e 29 de outubro, enxuta e centrada em curtas-metragens.<\/p>\n\n\n\n<p>ClickPB<\/p>\n","protected":false},"excerpt":{"rendered":"<p>A organiza\u00e7\u00e3o do Festival de Cannes anunciou, nesta quarta-feira (27), que o evento, que acontece tradicionalmente em maio, ser\u00e1 realizado em julho, devido \u00e0 pandemia&hellip; <\/p>\n","protected":false},"author":6,"featured_media":204241,"comment_status":"closed","ping_status":"closed","sticky":false,"template":"","format":"standard","meta":{"sfsi_plus_gutenberg_text_before_share":"","sfsi_plus_gutenberg_show_text_before_share":"","sfsi_plus_gutenberg_icon_type":"","sfsi_plus_gutenberg_icon_alignemt":"","sfsi_plus_gutenburg_max_per_row":"","footnotes":""},"categories":[50,2],"tags":[],"class_list":["post-204238","post","type-post","status-publish","format-standard","has-post-thumbnail","hentry","category-destaque","category-geral"],"_links":{"self":[{"href":"https:\/\/www.caririemacao.com\/1\/wp-json\/wp\/v2\/posts\/204238","targetHints":{"allow":["GET"]}}],"collection":[{"href":"https:\/\/www.caririemacao.com\/1\/wp-json\/wp\/v2\/posts"}],"about":[{"href":"https:\/\/www.caririemacao.com\/1\/wp-json\/wp\/v2\/types\/post"}],"author":[{"embeddable":true,"href":"https:\/\/www.caririemacao.com\/1\/wp-json\/wp\/v2\/users\/6"}],"replies":[{"embeddable":true,"href":"https:\/\/www.caririemacao.com\/1\/wp-json\/wp\/v2\/comments?post=204238"}],"version-history":[{"count":1,"href":"https:\/\/www.caririemacao.com\/1\/wp-json\/wp\/v2\/posts\/204238\/revisions"}],"predecessor-version":[{"id":204243,"href":"https:\/\/www.caririemacao.com\/1\/wp-json\/wp\/v2\/posts\/204238\/revisions\/204243"}],"wp:featuredmedia":[{"embeddable":true,"href":"https:\/\/www.caririemacao.com\/1\/wp-json\/wp\/v2\/media\/204241"}],"wp:attachment":[{"href":"https:\/\/www.caririemacao.com\/1\/wp-json\/wp\/v2\/media?parent=204238"}],"wp:term":[{"taxonomy":"category","embeddable":true,"href":"https:\/\/www.caririemacao.com\/1\/wp-json\/wp\/v2\/categories?post=204238"},{"taxonomy":"post_tag","embeddable":true,"href":"https:\/\/www.caririemacao.com\/1\/wp-json\/wp\/v2\/tags?post=204238"}],"curies":[{"name":"wp","href":"https:\/\/api.w.org\/{rel}","templated":true}]}}