{"id":204242,"date":"2021-01-27T17:01:44","date_gmt":"2021-01-27T20:01:44","guid":{"rendered":"https:\/\/www.caririemacao.com\/1\/?p=204242"},"modified":"2021-01-27T17:04:12","modified_gmt":"2021-01-27T20:04:12","slug":"cagepa-atende-solicitacao-do-prefeito-eden-duarte-e-realiza-extensao-de-rede-de-agua","status":"publish","type":"post","link":"https:\/\/www.caririemacao.com\/1\/2021\/01\/27\/cagepa-atende-solicitacao-do-prefeito-eden-duarte-e-realiza-extensao-de-rede-de-agua\/","title":{"rendered":"Cagepa atende solicita\u00e7\u00e3o do prefeito \u00c9den Duarte e realiza extens\u00e3o de rede de \u00e1gua"},"content":{"rendered":"\n<p>A Cagepa concluiu as obras de extens\u00e3o de rede de abastecimento de \u00e1gua na Cagepa na Travessa Rua Hugo Santa Cruz para a Rua Maria de Melo Pereira (dona Mariquinha) no bairro de V\u00e1rzea Redonda.<\/p>\n\n\n\n<p>A extens\u00e3o compreende 192 metros e ir\u00e1 beneficiar 20 fam\u00edlias que viviam na localidade sem o fornecimento de \u00e1gua para suas necessidades b\u00e1sicas.<\/p>\n\n\n\n<p>A obra foi executada em parceria com a Prefeitura de Sum\u00e9&nbsp; num investimento de mais de R$ 20 mil.<\/p>\n\n\n\n<p>O prefeito \u00c9den Duarte havia solicitado as obras de melhoria de abastecimento de \u00e1gua desde julho de 2019.<\/p>\n\n\n\n<p>Ascom<\/p>\n","protected":false},"excerpt":{"rendered":"<p>A Cagepa concluiu as obras de extens\u00e3o de rede de abastecimento de \u00e1gua na Cagepa na Travessa Rua Hugo Santa Cruz para a Rua Maria&hellip; <\/p>\n","protected":false},"author":6,"featured_media":204251,"comment_status":"closed","ping_status":"closed","sticky":false,"template":"","format":"standard","meta":{"sfsi_plus_gutenberg_text_before_share":"","sfsi_plus_gutenberg_show_text_before_share":"","sfsi_plus_gutenberg_icon_type":"","sfsi_plus_gutenberg_icon_alignemt":"","sfsi_plus_gutenburg_max_per_row":"","footnotes":""},"categories":[6],"tags":[],"class_list":["post-204242","post","type-post","status-publish","format-standard","has-post-thumbnail","hentry","category-cidades"],"_links":{"self":[{"href":"https:\/\/www.caririemacao.com\/1\/wp-json\/wp\/v2\/posts\/204242","targetHints":{"allow":["GET"]}}],"collection":[{"href":"https:\/\/www.caririemacao.com\/1\/wp-json\/wp\/v2\/posts"}],"about":[{"href":"https:\/\/www.caririemacao.com\/1\/wp-json\/wp\/v2\/types\/post"}],"author":[{"embeddable":true,"href":"https:\/\/www.caririemacao.com\/1\/wp-json\/wp\/v2\/users\/6"}],"replies":[{"embeddable":true,"href":"https:\/\/www.caririemacao.com\/1\/wp-json\/wp\/v2\/comments?post=204242"}],"version-history":[{"count":1,"href":"https:\/\/www.caririemacao.com\/1\/wp-json\/wp\/v2\/posts\/204242\/revisions"}],"predecessor-version":[{"id":204248,"href":"https:\/\/www.caririemacao.com\/1\/wp-json\/wp\/v2\/posts\/204242\/revisions\/204248"}],"wp:featuredmedia":[{"embeddable":true,"href":"https:\/\/www.caririemacao.com\/1\/wp-json\/wp\/v2\/media\/204251"}],"wp:attachment":[{"href":"https:\/\/www.caririemacao.com\/1\/wp-json\/wp\/v2\/media?parent=204242"}],"wp:term":[{"taxonomy":"category","embeddable":true,"href":"https:\/\/www.caririemacao.com\/1\/wp-json\/wp\/v2\/categories?post=204242"},{"taxonomy":"post_tag","embeddable":true,"href":"https:\/\/www.caririemacao.com\/1\/wp-json\/wp\/v2\/tags?post=204242"}],"curies":[{"name":"wp","href":"https:\/\/api.w.org\/{rel}","templated":true}]}}