{"id":204245,"date":"2021-01-27T17:04:25","date_gmt":"2021-01-27T20:04:25","guid":{"rendered":"https:\/\/www.caririemacao.com\/1\/?p=204245"},"modified":"2021-01-27T17:04:28","modified_gmt":"2021-01-27T20:04:28","slug":"prefeito-eden-solicita-melhoramento-da-estrada-sume-amparo","status":"publish","type":"post","link":"https:\/\/www.caririemacao.com\/1\/2021\/01\/27\/prefeito-eden-solicita-melhoramento-da-estrada-sume-amparo\/","title":{"rendered":"Prefeito \u00c9den solicita melhoramento da estrada Sum\u00e9-Amparo"},"content":{"rendered":"\n<p>O prefeito \u00c9den Duarte solicitou esta semana ao Departamento de Estradas e Rodagem da Para\u00edba (DER-PB) a recupera\u00e7\u00e3o da estrada que liga os munic\u00edpios de Sum\u00e9 e Amparo, bem como do trecho que liga Sum\u00e9 ao Distrito de Pio X e das outras comunidades rurais que d\u00e3o acesso ao munic\u00edpio de Amparo (Rodovia PB 248 e PB 210).<\/p>\n\n\n\n<p>O pedido foi oficializado por meio de of\u00edcio protocolado no DER, ressaltando que a trafegabilidade na estrada est\u00e1 em condi\u00e7\u00f5es muito ruins, ocasionadas por fen\u00f4menos naturais e pela a\u00e7\u00e3o do tempo, prejudicando o tr\u00e1fego dos moradores e consequentemente danificando os ve\u00edculos que transitam diariamente pela localidade.<\/p>\n\n\n\n<p>Ascom PMS<\/p>\n","protected":false},"excerpt":{"rendered":"<p>O prefeito \u00c9den Duarte solicitou esta semana ao Departamento de Estradas e Rodagem da Para\u00edba (DER-PB) a recupera\u00e7\u00e3o da estrada que liga os munic\u00edpios de&hellip; <\/p>\n","protected":false},"author":6,"featured_media":204253,"comment_status":"closed","ping_status":"closed","sticky":false,"template":"","format":"standard","meta":{"sfsi_plus_gutenberg_text_before_share":"","sfsi_plus_gutenberg_show_text_before_share":"","sfsi_plus_gutenberg_icon_type":"","sfsi_plus_gutenberg_icon_alignemt":"","sfsi_plus_gutenburg_max_per_row":"","footnotes":""},"categories":[6],"tags":[],"class_list":["post-204245","post","type-post","status-publish","format-standard","has-post-thumbnail","hentry","category-cidades"],"_links":{"self":[{"href":"https:\/\/www.caririemacao.com\/1\/wp-json\/wp\/v2\/posts\/204245","targetHints":{"allow":["GET"]}}],"collection":[{"href":"https:\/\/www.caririemacao.com\/1\/wp-json\/wp\/v2\/posts"}],"about":[{"href":"https:\/\/www.caririemacao.com\/1\/wp-json\/wp\/v2\/types\/post"}],"author":[{"embeddable":true,"href":"https:\/\/www.caririemacao.com\/1\/wp-json\/wp\/v2\/users\/6"}],"replies":[{"embeddable":true,"href":"https:\/\/www.caririemacao.com\/1\/wp-json\/wp\/v2\/comments?post=204245"}],"version-history":[{"count":1,"href":"https:\/\/www.caririemacao.com\/1\/wp-json\/wp\/v2\/posts\/204245\/revisions"}],"predecessor-version":[{"id":204255,"href":"https:\/\/www.caririemacao.com\/1\/wp-json\/wp\/v2\/posts\/204245\/revisions\/204255"}],"wp:featuredmedia":[{"embeddable":true,"href":"https:\/\/www.caririemacao.com\/1\/wp-json\/wp\/v2\/media\/204253"}],"wp:attachment":[{"href":"https:\/\/www.caririemacao.com\/1\/wp-json\/wp\/v2\/media?parent=204245"}],"wp:term":[{"taxonomy":"category","embeddable":true,"href":"https:\/\/www.caririemacao.com\/1\/wp-json\/wp\/v2\/categories?post=204245"},{"taxonomy":"post_tag","embeddable":true,"href":"https:\/\/www.caririemacao.com\/1\/wp-json\/wp\/v2\/tags?post=204245"}],"curies":[{"name":"wp","href":"https:\/\/api.w.org\/{rel}","templated":true}]}}