{"id":204252,"date":"2021-01-27T17:05:27","date_gmt":"2021-01-27T20:05:27","guid":{"rendered":"https:\/\/www.caririemacao.com\/1\/?p=204252"},"modified":"2021-01-27T17:05:31","modified_gmt":"2021-01-27T20:05:31","slug":"aulas-serao-retomadas-em-formato-hibrido-com-rodizio-de-aulas-online-e-presencial-a-partir-do-1o-de-marco-na-paraiba","status":"publish","type":"post","link":"https:\/\/www.caririemacao.com\/1\/2021\/01\/27\/aulas-serao-retomadas-em-formato-hibrido-com-rodizio-de-aulas-online-e-presencial-a-partir-do-1o-de-marco-na-paraiba\/","title":{"rendered":"Aulas ser\u00e3o retomadas em formato h\u00edbrido com rod\u00edzio de aulas online e presencial a partir do 1\u00ba de mar\u00e7o na Para\u00edba"},"content":{"rendered":"\n<p>Um decreto do Governo do Estado, a ser divulgado essa semana,&nbsp;trar\u00e1&nbsp;os procedimentos para a retomada das aulas e o&nbsp;funcionamento das escolas da rede p\u00fablica, previsto para acontecer a partir de 1\u00ba de mar\u00e7o. Segundo informa\u00e7\u00f5es obtidas pelo ClickPB, a&nbsp;Secretaria de Educa\u00e7\u00e3o da Para\u00edba confirmou que o in\u00edcio das aulas ser\u00e1 feito tanto presencial como virtual, formato denominado como h\u00edbrido.<\/p>\n\n\n\n<p>Ap\u00f3s o an\u00fancio do resultado do inqu\u00e9rito sorol\u00f3gico feito no in\u00edcio de janeiro, a data anterior, que previa o in\u00edcio das aulas em 17 de fevereiro, foi alterada. A expectativa \u00e9 que com o novo formato h\u00edbrido, os mais de 250 mil estudantes da rede p\u00fablica de ensino possam ter acesso aos conte\u00fados por meio de rod\u00edzios de aulas para n\u00e3o gerar aglomera\u00e7\u00f5es.\u00a0<\/p>\n\n\n\n<p>Em entrevista ao ClickPB, o secret\u00e1rio de sa\u00fade, Cl\u00e1udio Furtado, explicou que essa nova pol\u00edtica de ensino \u00e9 a \u00fanica forma de manter os estudos dos alunos em dia, apesar da pandemia. &#8220;O modelo h\u00edbrido mant\u00e9m uma parte das aulas a dist\u00e2ncia, enquanto a outra est\u00e1 presencial, de modo em rod\u00edzio para que todos os alunos possam acompanhar os conte\u00fados, preservando os grupos de risco durante a pandemia, tanto dos professores como dos alunos&#8221;, disse.&nbsp;<\/p>\n\n\n\n<p>Ao ser questionado acerca das mobiliza\u00e7\u00f5es de entidades que representam os trabalhadores da educa\u00e7\u00e3o sobre a vacina contra a Covid-19, o gestor esclareceu que qualquer atitude deve aguardar as orienta\u00e7\u00f5es do decreto a ser publicado a qualquer momento.\u00a0&#8220;Iremos chamar os sindicatos, o Minist\u00e9rio P\u00fablico e demais \u00f3rg\u00e3o para chegarmos a um consenso.\u00a0Estamos esperando que todos os encaminhamentos sigam o cronograma que tem do Plano Nacional de Vacina\u00e7\u00e3o. A\u00a0ideia \u00e9 que com a \u00e1gil\u00a0log\u00edstica implementada pelo Governo da Para\u00edba, haja velocidade para a vacina\u00e7\u00e3o a tempo das aulas retornarem&#8221;, destacou.\u00a0<\/p>\n\n\n\n<p>ClickPB<\/p>\n","protected":false},"excerpt":{"rendered":"<p>Um decreto do Governo do Estado, a ser divulgado essa semana,&nbsp;trar\u00e1&nbsp;os procedimentos para a retomada das aulas e o&nbsp;funcionamento das escolas da rede p\u00fablica, previsto&hellip; <\/p>\n","protected":false},"author":6,"featured_media":204256,"comment_status":"closed","ping_status":"closed","sticky":false,"template":"","format":"standard","meta":{"sfsi_plus_gutenberg_text_before_share":"","sfsi_plus_gutenberg_show_text_before_share":"","sfsi_plus_gutenberg_icon_type":"","sfsi_plus_gutenberg_icon_alignemt":"","sfsi_plus_gutenburg_max_per_row":"","footnotes":""},"categories":[50,104],"tags":[],"class_list":["post-204252","post","type-post","status-publish","format-standard","has-post-thumbnail","hentry","category-destaque","category-paraiba"],"_links":{"self":[{"href":"https:\/\/www.caririemacao.com\/1\/wp-json\/wp\/v2\/posts\/204252","targetHints":{"allow":["GET"]}}],"collection":[{"href":"https:\/\/www.caririemacao.com\/1\/wp-json\/wp\/v2\/posts"}],"about":[{"href":"https:\/\/www.caririemacao.com\/1\/wp-json\/wp\/v2\/types\/post"}],"author":[{"embeddable":true,"href":"https:\/\/www.caririemacao.com\/1\/wp-json\/wp\/v2\/users\/6"}],"replies":[{"embeddable":true,"href":"https:\/\/www.caririemacao.com\/1\/wp-json\/wp\/v2\/comments?post=204252"}],"version-history":[{"count":1,"href":"https:\/\/www.caririemacao.com\/1\/wp-json\/wp\/v2\/posts\/204252\/revisions"}],"predecessor-version":[{"id":204257,"href":"https:\/\/www.caririemacao.com\/1\/wp-json\/wp\/v2\/posts\/204252\/revisions\/204257"}],"wp:featuredmedia":[{"embeddable":true,"href":"https:\/\/www.caririemacao.com\/1\/wp-json\/wp\/v2\/media\/204256"}],"wp:attachment":[{"href":"https:\/\/www.caririemacao.com\/1\/wp-json\/wp\/v2\/media?parent=204252"}],"wp:term":[{"taxonomy":"category","embeddable":true,"href":"https:\/\/www.caririemacao.com\/1\/wp-json\/wp\/v2\/categories?post=204252"},{"taxonomy":"post_tag","embeddable":true,"href":"https:\/\/www.caririemacao.com\/1\/wp-json\/wp\/v2\/tags?post=204252"}],"curies":[{"name":"wp","href":"https:\/\/api.w.org\/{rel}","templated":true}]}}