{"id":204259,"date":"2021-01-27T17:11:46","date_gmt":"2021-01-27T20:11:46","guid":{"rendered":"https:\/\/www.caririemacao.com\/1\/?p=204259"},"modified":"2021-01-27T17:11:48","modified_gmt":"2021-01-27T20:11:48","slug":"biden-anuncia-pacote-ambiental-com-fim-de-novas-perfuracoes-de-petroleo-e-gas-em-terras-federais-e-de-subsidios-a-combustiveis-fosseis","status":"publish","type":"post","link":"https:\/\/www.caririemacao.com\/1\/2021\/01\/27\/biden-anuncia-pacote-ambiental-com-fim-de-novas-perfuracoes-de-petroleo-e-gas-em-terras-federais-e-de-subsidios-a-combustiveis-fosseis\/","title":{"rendered":"Biden anuncia pacote ambiental com fim de novas perfura\u00e7\u00f5es de petr\u00f3leo e g\u00e1s em terras federais e de subs\u00eddios a combust\u00edveis f\u00f3sseis"},"content":{"rendered":"\n<p>Em uma s\u00e9rie de ordens executivas assinadas nesta quarta-feira (27), o presidente dos\u00a0Estados Unidos,\u00a0Joe Biden, instruiu o governo federal a n\u00e3o autorizar novas perfura\u00e7\u00f5es de petr\u00f3leo e g\u00e1s em suas terras, eliminou subs\u00eddios aos combust\u00edveis f\u00f3sseis e ordenou a transforma\u00e7\u00e3o da frota de carros e caminh\u00f5es do governo em ve\u00edculos el\u00e9tricos, entre outras medidas que marcam uma guinada em rela\u00e7\u00e3o \u00e0 pol\u00edtica ambiental adotada por seu antecessor,\u00a0Donald Trump.<\/p>\n\n\n\n<p>Ser\u00e1 estabelecido ainda um conselho interag\u00eancias de justi\u00e7a ambiental para lidar com as desigualdades raciais e econ\u00f4micas exacerbadas pelas mudan\u00e7as clim\u00e1ticas e polui\u00e7\u00e3o do ar e da \u00e1gua.<\/p>\n\n\n\n<p>&#8220;\u00c9 um futuro de enormes esperan\u00e7as e oportunidades. Trata-se de chegar ao momento de fazer face a esta amea\u00e7a m\u00e1xima que temos agora perante n\u00f3s, as mudan\u00e7as clim\u00e1ticas, com um sentido maior de urg\u00eancia. A meu ver, j\u00e1 esper\u00e1mos muito tempo para lidar com esta crise clim\u00e1tica. N\u00e3o podemos esperar mais. \u00c9 hora de agir&#8221;, disse o presidente ao anunciar as a\u00e7\u00f5es.<\/p>\n\n\n\n<p>O l\u00edder da maioria no Senado, Chuck Schumer, classificou mais cedo a s\u00e9rie de atos como uma declara\u00e7\u00e3o de emerg\u00eancia nacional sobre as mudan\u00e7as clim\u00e1ticas.<\/p>\n\n\n\n<p>O presidente, que chamou esta quarta de &#8220;Dia do Clima&#8221;, anunciou ainda a organiza\u00e7\u00e3o, por parte de seu governo, de uma C\u00fapula de L\u00edderes Clim\u00e1ticos em 22 de abril, Dia da Terra e quinto anivers\u00e1rio da assinatura do Acordo de Paris.<\/p>\n\n\n\n<p><strong>As ordens executivas assinadas nesta quarta-feira estabelecem:<\/strong><\/p>\n\n\n\n<ul class=\"wp-block-list\"><li>O governo federal n\u00e3o vai autorizar novas perfura\u00e7\u00f5es de petr\u00f3leo e g\u00e1s em suas terras e os contratos j\u00e1 existentes ser\u00e3o rigidamente revistos<\/li><li>Ser\u00e1 eliminado o subs\u00eddio federal aos combust\u00edveis f\u00f3sseis<\/li><li>Carros e caminh\u00f5es da frota do governo federal devem ser substitu\u00eddos por ve\u00edculos el\u00e9tricos<\/li><li>Um conselho interag\u00eancias de justi\u00e7a ambiental ser\u00e1 criado para lidar com as desigualdades raciais e econ\u00f4micas exacerbadas pelas mudan\u00e7as clim\u00e1ticas e polui\u00e7\u00e3o do ar e da \u00e1gua<\/li><\/ul>\n\n\n\n<p>Ao eliminar as concess\u00f5es para a explora\u00e7\u00e3o de combust\u00edveis f\u00f3sseis em territ\u00f3rios do governo, sem cancelar os contratos j\u00e1 existentes, que ser\u00e3o extensamente revisados, Biden cumpre uma de suas promessas de campanha.<\/p>\n\n\n\n<figure class=\"wp-block-image\"><img decoding=\"async\" data-src=\"https:\/\/s2.glbimg.com\/7P9yAJKOrgLd1Ej0f5dQZ_nUg7M=\/0x0:1700x1065\/1008x0\/smart\/filters:strip_icc()\/i.s3.glbimg.com\/v1\/AUTH_59edd422c0c84a879bd37670ae4f538a\/internal_photos\/bs\/2021\/a\/7\/oaCGn3RnW0qTZ8avUJxg\/000-8zn6a4.jpg\" alt=\"O presidente dos EUA, Joe Biden, assina atos executivos sobre meio ambiente, ao lado da vice-presidente, Kamala Harris, e do enviado especial presidencial para o Clima, John Kerry, na Casa Branca, na quarta-feira (27) \u2014 Foto: Mandel Ngan\/AFP\" src=\"data:image\/svg+xml;base64,PHN2ZyB3aWR0aD0iMSIgaGVpZ2h0PSIxIiB4bWxucz0iaHR0cDovL3d3dy53My5vcmcvMjAwMC9zdmciPjwvc3ZnPg==\" class=\"lazyload\" \/><\/figure>\n\n\n\n<p>O presidente dos EUA, Joe Biden, assina atos executivos sobre meio ambiente, ao lado da vice-presidente, Kamala Harris, e do enviado especial presidencial para o Clima, John Kerry, na Casa Branca, na quarta-feira (27) \u2014 Foto: Mandel Ngan\/AFP<\/p>\n\n\n\n<p>Al\u00e9m disso, o pa\u00eds tamb\u00e9m se comprometer\u00e1 a proteger 30% das terras e \u00e1guas federais para 2030, com o objetivo de interromper a perda da biodiversidade, segundo informa a ag\u00eancia France Presse.<\/p>\n\n\n\n<p>Quase um quarto das emiss\u00f5es de di\u00f3xido de carbono americanas v\u00eam da gera\u00e7\u00e3o de energia em terras p\u00fablicas, segundo um relat\u00f3rio do governo de 2018. A extra\u00e7\u00e3o de combust\u00edveis gerou US$ 11,7 bilh\u00f5es em receita em 2019, de acordo com dados oficiais.<\/p>\n\n\n\n<p>Com essas medidas, Biden se aproxima de seus compromissos de campanha de deixar de usar combust\u00edveis f\u00f3sseis e chegar \u00e0 neutralidade do carbono no setor energ\u00e9tico em 2035 e em toda a economia em 2050.<\/p>\n\n\n\n<p>Ele garantiu, por\u00e9m, que as novas medidas n\u00e3o causar\u00e3o perda de empregos &#8211; pelo contr\u00e1rio. Segundo Biden haver\u00e1 uma gera\u00e7\u00e3o de &#8220;empregos do futuro&#8221;, com a cria\u00e7\u00e3o de milh\u00f5es de postos com remunera\u00e7\u00e3o acima de US$ 9 por hora.<\/p>\n\n\n\n<blockquote class=\"wp-block-quote is-layout-flow wp-block-quote-is-layout-flow\"><p>&#8220;Estamos falando sobre inova\u00e7\u00e3o americana, produtos americanos, m\u00e3o de obra americana. Estamos falando sobre a sa\u00fade de nossas fam\u00edlias, \u00e1gua mais limpa, ar mais limpo e comunidades mais limpas. Estamos falando sobre seguran\u00e7a nacional, os americanos liderando o mundo em um futuro de energia limpa&#8221;, afirmou.<\/p><\/blockquote>\n\n\n\n<p>Biden apresentar\u00e1 m\u00eas que vem ao Congresso um plano de US$ 2 bilh\u00f5espara o clima, com o qual deseja instalar permanentemente medidas &#8216;verdes&#8217; dentro da economia americana. No entanto, a relut\u00e2ncia de alguns republicanos deve marcar a oposi\u00e7\u00e3o a esses planos, embora um acordo entre os dois partidos seja poss\u00edvel, segundo especialistas.<\/p>\n\n\n\n<p>ClickPB<\/p>\n","protected":false},"excerpt":{"rendered":"<p>Em uma s\u00e9rie de ordens executivas assinadas nesta quarta-feira (27), o presidente dos\u00a0Estados Unidos,\u00a0Joe Biden, instruiu o governo federal a n\u00e3o autorizar novas perfura\u00e7\u00f5es de&hellip; <\/p>\n","protected":false},"author":6,"featured_media":204260,"comment_status":"closed","ping_status":"closed","sticky":false,"template":"","format":"standard","meta":{"sfsi_plus_gutenberg_text_before_share":"","sfsi_plus_gutenberg_show_text_before_share":"","sfsi_plus_gutenberg_icon_type":"","sfsi_plus_gutenberg_icon_alignemt":"","sfsi_plus_gutenburg_max_per_row":"","footnotes":""},"categories":[1],"tags":[],"class_list":["post-204259","post","type-post","status-publish","format-standard","has-post-thumbnail","hentry","category-o-site"],"_links":{"self":[{"href":"https:\/\/www.caririemacao.com\/1\/wp-json\/wp\/v2\/posts\/204259","targetHints":{"allow":["GET"]}}],"collection":[{"href":"https:\/\/www.caririemacao.com\/1\/wp-json\/wp\/v2\/posts"}],"about":[{"href":"https:\/\/www.caririemacao.com\/1\/wp-json\/wp\/v2\/types\/post"}],"author":[{"embeddable":true,"href":"https:\/\/www.caririemacao.com\/1\/wp-json\/wp\/v2\/users\/6"}],"replies":[{"embeddable":true,"href":"https:\/\/www.caririemacao.com\/1\/wp-json\/wp\/v2\/comments?post=204259"}],"version-history":[{"count":1,"href":"https:\/\/www.caririemacao.com\/1\/wp-json\/wp\/v2\/posts\/204259\/revisions"}],"predecessor-version":[{"id":204261,"href":"https:\/\/www.caririemacao.com\/1\/wp-json\/wp\/v2\/posts\/204259\/revisions\/204261"}],"wp:featuredmedia":[{"embeddable":true,"href":"https:\/\/www.caririemacao.com\/1\/wp-json\/wp\/v2\/media\/204260"}],"wp:attachment":[{"href":"https:\/\/www.caririemacao.com\/1\/wp-json\/wp\/v2\/media?parent=204259"}],"wp:term":[{"taxonomy":"category","embeddable":true,"href":"https:\/\/www.caririemacao.com\/1\/wp-json\/wp\/v2\/categories?post=204259"},{"taxonomy":"post_tag","embeddable":true,"href":"https:\/\/www.caririemacao.com\/1\/wp-json\/wp\/v2\/tags?post=204259"}],"curies":[{"name":"wp","href":"https:\/\/api.w.org\/{rel}","templated":true}]}}