{"id":204268,"date":"2021-01-28T06:27:51","date_gmt":"2021-01-28T09:27:51","guid":{"rendered":"https:\/\/www.caririemacao.com\/1\/?p=204268"},"modified":"2021-01-28T06:27:53","modified_gmt":"2021-01-28T09:27:53","slug":"caminhao-carregado-de-telha-capota-na-pb-200-em-juazeirinho","status":"publish","type":"post","link":"https:\/\/www.caririemacao.com\/1\/2021\/01\/28\/caminhao-carregado-de-telha-capota-na-pb-200-em-juazeirinho\/","title":{"rendered":"Caminh\u00e3o carregado de telha capota na PB 200 em Juazeirinho"},"content":{"rendered":"\n<p>Um caminh\u00e3o carregado de telha, capotou na noite desta quarta-feira (27) na rodovia Ju\u00edz Federal Genival Matias (PB 200).<\/p>\n\n\n\n<p>O acidente aconteceu no s\u00edtio Panasco, munic\u00edpio de Juazeirinho, numa curva fechada.<\/p>\n\n\n\n<p>Segundo relatos obtidos pelo helenolima.com, o motorista do caminh\u00e3o perdeu o controle da dire\u00e7\u00e3o, o pesado derrubou a grade de prote\u00e7\u00e3o e caiu embaixo, na estrada de ch\u00e3o que dar acesso ao distrito de Ipueiras.<\/p>\n\n\n\n<p>Informa\u00e7\u00f5es d\u00e3o conta de que o caminhoneiro, que n\u00e3o teve a identidade revelada, foi socorrido e estava consciente.<\/p>\n\n\n\n<p>A PB \u00e9 uma rodovia nova que liga as cidades de Juazeirinho e Santo Andr\u00e9 e ainda n\u00e3o foi inaugurada oficialmente pelo Governo do Estado.<\/p>\n\n\n\n<p>Heleno Lima<\/p>\n","protected":false},"excerpt":{"rendered":"<p>Um caminh\u00e3o carregado de telha, capotou na noite desta quarta-feira (27) na rodovia Ju\u00edz Federal Genival Matias (PB 200). O acidente aconteceu no s\u00edtio Panasco,&hellip; <\/p>\n","protected":false},"author":6,"featured_media":204269,"comment_status":"closed","ping_status":"closed","sticky":false,"template":"","format":"standard","meta":{"sfsi_plus_gutenberg_text_before_share":"","sfsi_plus_gutenberg_show_text_before_share":"","sfsi_plus_gutenberg_icon_type":"","sfsi_plus_gutenberg_icon_alignemt":"","sfsi_plus_gutenburg_max_per_row":"","footnotes":""},"categories":[50],"tags":[],"class_list":["post-204268","post","type-post","status-publish","format-standard","has-post-thumbnail","hentry","category-destaque"],"_links":{"self":[{"href":"https:\/\/www.caririemacao.com\/1\/wp-json\/wp\/v2\/posts\/204268","targetHints":{"allow":["GET"]}}],"collection":[{"href":"https:\/\/www.caririemacao.com\/1\/wp-json\/wp\/v2\/posts"}],"about":[{"href":"https:\/\/www.caririemacao.com\/1\/wp-json\/wp\/v2\/types\/post"}],"author":[{"embeddable":true,"href":"https:\/\/www.caririemacao.com\/1\/wp-json\/wp\/v2\/users\/6"}],"replies":[{"embeddable":true,"href":"https:\/\/www.caririemacao.com\/1\/wp-json\/wp\/v2\/comments?post=204268"}],"version-history":[{"count":1,"href":"https:\/\/www.caririemacao.com\/1\/wp-json\/wp\/v2\/posts\/204268\/revisions"}],"predecessor-version":[{"id":204270,"href":"https:\/\/www.caririemacao.com\/1\/wp-json\/wp\/v2\/posts\/204268\/revisions\/204270"}],"wp:featuredmedia":[{"embeddable":true,"href":"https:\/\/www.caririemacao.com\/1\/wp-json\/wp\/v2\/media\/204269"}],"wp:attachment":[{"href":"https:\/\/www.caririemacao.com\/1\/wp-json\/wp\/v2\/media?parent=204268"}],"wp:term":[{"taxonomy":"category","embeddable":true,"href":"https:\/\/www.caririemacao.com\/1\/wp-json\/wp\/v2\/categories?post=204268"},{"taxonomy":"post_tag","embeddable":true,"href":"https:\/\/www.caririemacao.com\/1\/wp-json\/wp\/v2\/tags?post=204268"}],"curies":[{"name":"wp","href":"https:\/\/api.w.org\/{rel}","templated":true}]}}