{"id":204271,"date":"2021-01-28T06:30:41","date_gmt":"2021-01-28T09:30:41","guid":{"rendered":"https:\/\/www.caririemacao.com\/1\/?p=204271"},"modified":"2021-01-28T06:30:43","modified_gmt":"2021-01-28T09:30:43","slug":"servidores-estaduais-da-paraiba-comecam-a-receber-salarios-de-janeiro-a-partir-desta-quinta-feira","status":"publish","type":"post","link":"https:\/\/www.caririemacao.com\/1\/2021\/01\/28\/servidores-estaduais-da-paraiba-comecam-a-receber-salarios-de-janeiro-a-partir-desta-quinta-feira\/","title":{"rendered":"Servidores estaduais da Para\u00edba come\u00e7am a receber sal\u00e1rios de janeiro a partir desta quinta-feira"},"content":{"rendered":"\n<p>Os servidores estaduais da Para\u00edba come\u00e7am a receber os sal\u00e1rios do m\u00eas de janeiro a partir desta quinta-feira (28). O governador Jo\u00e3o Azev\u00eado confirmou na \u00faltima segunda-feira (5), o pagamento.<\/p>\n\n\n\n<p>Na quinta-feira (28), ser\u00e3o pagos os sal\u00e1rios dos aposentados, pensionistas e reformados. J\u00e1 o pagamento dos servidores da ativa, das administra\u00e7\u00f5es direta e indireta, ser\u00e1 feito na sexta-feira (29).<\/p>\n\n\n\n<p>&#8220;O sal\u00e1rio ser\u00e1 pago dentro do m\u00eas trabalhado mais uma vez. S\u00e3o dois anos e um m\u00eas de compromisso honrado, mesmo com pandemia e com queda de receita&#8221;, comentou o governador Jo\u00e3o Azev\u00eado.<\/p>\n\n\n\n<p>ClickPB<\/p>\n","protected":false},"excerpt":{"rendered":"<p>Os servidores estaduais da Para\u00edba come\u00e7am a receber os sal\u00e1rios do m\u00eas de janeiro a partir desta quinta-feira (28). O governador Jo\u00e3o Azev\u00eado confirmou na&hellip; <\/p>\n","protected":false},"author":6,"featured_media":204272,"comment_status":"closed","ping_status":"closed","sticky":false,"template":"","format":"standard","meta":{"sfsi_plus_gutenberg_text_before_share":"","sfsi_plus_gutenberg_show_text_before_share":"","sfsi_plus_gutenberg_icon_type":"","sfsi_plus_gutenberg_icon_alignemt":"","sfsi_plus_gutenburg_max_per_row":"","footnotes":""},"categories":[50,118,104],"tags":[],"class_list":["post-204271","post","type-post","status-publish","format-standard","has-post-thumbnail","hentry","category-destaque","category-governo","category-paraiba"],"_links":{"self":[{"href":"https:\/\/www.caririemacao.com\/1\/wp-json\/wp\/v2\/posts\/204271","targetHints":{"allow":["GET"]}}],"collection":[{"href":"https:\/\/www.caririemacao.com\/1\/wp-json\/wp\/v2\/posts"}],"about":[{"href":"https:\/\/www.caririemacao.com\/1\/wp-json\/wp\/v2\/types\/post"}],"author":[{"embeddable":true,"href":"https:\/\/www.caririemacao.com\/1\/wp-json\/wp\/v2\/users\/6"}],"replies":[{"embeddable":true,"href":"https:\/\/www.caririemacao.com\/1\/wp-json\/wp\/v2\/comments?post=204271"}],"version-history":[{"count":1,"href":"https:\/\/www.caririemacao.com\/1\/wp-json\/wp\/v2\/posts\/204271\/revisions"}],"predecessor-version":[{"id":204273,"href":"https:\/\/www.caririemacao.com\/1\/wp-json\/wp\/v2\/posts\/204271\/revisions\/204273"}],"wp:featuredmedia":[{"embeddable":true,"href":"https:\/\/www.caririemacao.com\/1\/wp-json\/wp\/v2\/media\/204272"}],"wp:attachment":[{"href":"https:\/\/www.caririemacao.com\/1\/wp-json\/wp\/v2\/media?parent=204271"}],"wp:term":[{"taxonomy":"category","embeddable":true,"href":"https:\/\/www.caririemacao.com\/1\/wp-json\/wp\/v2\/categories?post=204271"},{"taxonomy":"post_tag","embeddable":true,"href":"https:\/\/www.caririemacao.com\/1\/wp-json\/wp\/v2\/tags?post=204271"}],"curies":[{"name":"wp","href":"https:\/\/api.w.org\/{rel}","templated":true}]}}