{"id":204277,"date":"2021-01-28T06:37:02","date_gmt":"2021-01-28T09:37:02","guid":{"rendered":"https:\/\/www.caririemacao.com\/1\/?p=204277"},"modified":"2021-01-28T06:37:04","modified_gmt":"2021-01-28T09:37:04","slug":"paraiba-confirma-1-213-novos-casos-de-covid-19-e-11-obitos-nesta-quarta-total-de-mortos-chega-a-4-014%e2%80%8b-e-187-246%e2%80%8b-infectados","status":"publish","type":"post","link":"https:\/\/www.caririemacao.com\/1\/2021\/01\/28\/paraiba-confirma-1-213-novos-casos-de-covid-19-e-11-obitos-nesta-quarta-total-de-mortos-chega-a-4-014%e2%80%8b-e-187-246%e2%80%8b-infectados\/","title":{"rendered":"Para\u00edba confirma 1.213 novos casos de Covid-19 e 11 \u00f3bitos nesta quarta; total de mortos chega a 4.014\u200b e 187.246\u200b infectados"},"content":{"rendered":"\n<p>A Para\u00edba registrou, nesta quarta (27), 1.213 casos da Covid- 19. Tamb\u00e9m foram confirmados 11 novos \u00f3bitos desde a \u00faltima atualiza\u00e7\u00e3o, sendo 08 deles nas \u00faltimas 24h.\u00a0De acordo com o boletim epidemiol\u00f3gico divulgado pela Secretaria de Estado da Sa\u00fade ao\u00a0ClickPB\u00a0desde a \u00faltima atualiza\u00e7\u00e3o, 73 (6%) s\u00e3o casos de pacientes hospitalizados e 1.140 (94%) s\u00e3o leves.\u00a0<\/p>\n\n\n\n<p><strong>N\u00fameros Totais<\/strong>:<\/p>\n\n\n\n<ul class=\"wp-block-list\"><li>Casos Confirmados: 187.246<\/li><li>\u00d3bitos Confirmados: 4.014<\/li><li>Casos Recuperados: 138.750<\/li><li>Testes Realizados: 581.845<\/li><\/ul>\n\n\n\n<p>Agora, a Para\u00edba totaliza 187.246 casos confirmados da doen\u00e7a, que est\u00e3o distribu\u00eddos por todos os 223 munic\u00edpios. At\u00e9 o momento, 581.845 testes para diagn\u00f3stico da Covid-19 j\u00e1 foram realizados.<\/p>\n\n\n\n<p>Os \u00f3bitos ocorreram entre os dias 20 de outubro de 2020 e 27 de janeiro de 2021, sendo quatro deles em hospitais privados e os demais em hospitais p\u00fablicos. Com isso, o estado totaliza 4.014 mortes. O boletim registra ainda um total de 138.750 pacientes recuperados da doen\u00e7a.<\/p>\n\n\n\n<p><strong>Concentra\u00e7\u00e3o de casos<\/strong><\/p>\n\n\n\n<p>Cinco munic\u00edpios concentram 560 novos casos, o que corresponde a 46,16% dos casos registrados nesta quarta. S\u00e3o eles: Jo\u00e3o Pessoa, com 338 novos casos, totalizando 48.436; Campina Grande, com 80 novos casos, totalizando 17.019; Sousa, com 59 novos casos, totalizando 4.509; Lagoa Seca, com 42 novos casos, totalizando 1.062; S\u00e3o Sebasti\u00e3o de Lagoa de Ro\u00e7a, com 41 novos casos, totalizando 399.<\/p>\n\n\n\n<p>* Dados oficiais preliminares (fonte: e-sus VE, Sivep Gripe e SIM) extra\u00eddos \u00e0s 10h do dia 27\/01\/2021, sujeitos a altera\u00e7\u00e3o por parte dos munic\u00edpios.<\/p>\n\n\n\n<p><strong>\u00d3bitos<\/strong><\/p>\n\n\n\n<p>At\u00e9 esta quarta, 199 cidades paraibanas registraram \u00f3bitos por Covid-19. Os 12 \u00f3bitos confirmados neste boletim ocorreram entre residentes dos munic\u00edpios de Campina Grande (1), Ing\u00e1 (1), Jo\u00e3o Pessoa (4), Lucena (1), Matinhas (1), Santa Rita (1), Queimadas (1) e Sol\u00e2nea (1). As v\u00edtimas s\u00e3o 05 homens e 06 mulheres, com idades entre 47 e 88 anos. Hipertens\u00e3o foi a comorbidade mais freq\u00fcente e um deles n\u00e3o apresentava comorbidade.<\/p>\n\n\n\n<p><strong>Ocupa\u00e7\u00e3o de leitos Covid-19<\/strong><\/p>\n\n\n\n<p>A ocupa\u00e7\u00e3o total de leitos de UTI (adulto, pedi\u00e1trico e obst\u00e9trico) em todo o estado \u00e9 de 48%. Fazendo um recorte apenas dos leitos de UTI para adultos na Regi\u00e3o Metropolitana de Jo\u00e3o Pessoa, a taxa de ocupa\u00e7\u00e3o chega a 53%. Em Campina Grande est\u00e3o ocupados 61% dos leitos de UTI adulto e no sert\u00e3o 46% dos leitos de UTI para adultos. De acordo com o Centro estadual de regula\u00e7\u00e3o hospitalar, 22 pacientes foram internados nas ultimas 24h<\/p>\n\n\n\n<p><strong>Cobertura Vacinal<\/strong><\/p>\n\n\n\n<p>At\u00e9 a \u00faltima atualiza\u00e7\u00e3o de 26 de janeiro, foi registrado no sistema de informa\u00e7\u00e3o SI-PNI a aplica\u00e7\u00e3o de 18.750 doses.<\/p>\n\n\n\n<p>ClickPB<\/p>\n","protected":false},"excerpt":{"rendered":"<p>A Para\u00edba registrou, nesta quarta (27), 1.213 casos da Covid- 19. Tamb\u00e9m foram confirmados 11 novos \u00f3bitos desde a \u00faltima atualiza\u00e7\u00e3o, sendo 08 deles nas&hellip; <\/p>\n","protected":false},"author":6,"featured_media":201851,"comment_status":"closed","ping_status":"closed","sticky":false,"template":"","format":"standard","meta":{"sfsi_plus_gutenberg_text_before_share":"","sfsi_plus_gutenberg_show_text_before_share":"","sfsi_plus_gutenberg_icon_type":"","sfsi_plus_gutenberg_icon_alignemt":"","sfsi_plus_gutenburg_max_per_row":"","footnotes":""},"categories":[50,104],"tags":[],"class_list":["post-204277","post","type-post","status-publish","format-standard","has-post-thumbnail","hentry","category-destaque","category-paraiba"],"_links":{"self":[{"href":"https:\/\/www.caririemacao.com\/1\/wp-json\/wp\/v2\/posts\/204277","targetHints":{"allow":["GET"]}}],"collection":[{"href":"https:\/\/www.caririemacao.com\/1\/wp-json\/wp\/v2\/posts"}],"about":[{"href":"https:\/\/www.caririemacao.com\/1\/wp-json\/wp\/v2\/types\/post"}],"author":[{"embeddable":true,"href":"https:\/\/www.caririemacao.com\/1\/wp-json\/wp\/v2\/users\/6"}],"replies":[{"embeddable":true,"href":"https:\/\/www.caririemacao.com\/1\/wp-json\/wp\/v2\/comments?post=204277"}],"version-history":[{"count":1,"href":"https:\/\/www.caririemacao.com\/1\/wp-json\/wp\/v2\/posts\/204277\/revisions"}],"predecessor-version":[{"id":204278,"href":"https:\/\/www.caririemacao.com\/1\/wp-json\/wp\/v2\/posts\/204277\/revisions\/204278"}],"wp:featuredmedia":[{"embeddable":true,"href":"https:\/\/www.caririemacao.com\/1\/wp-json\/wp\/v2\/media\/201851"}],"wp:attachment":[{"href":"https:\/\/www.caririemacao.com\/1\/wp-json\/wp\/v2\/media?parent=204277"}],"wp:term":[{"taxonomy":"category","embeddable":true,"href":"https:\/\/www.caririemacao.com\/1\/wp-json\/wp\/v2\/categories?post=204277"},{"taxonomy":"post_tag","embeddable":true,"href":"https:\/\/www.caririemacao.com\/1\/wp-json\/wp\/v2\/tags?post=204277"}],"curies":[{"name":"wp","href":"https:\/\/api.w.org\/{rel}","templated":true}]}}