{"id":204279,"date":"2021-01-28T06:38:47","date_gmt":"2021-01-28T09:38:47","guid":{"rendered":"https:\/\/www.caririemacao.com\/1\/?p=204279"},"modified":"2021-01-28T06:38:49","modified_gmt":"2021-01-28T09:38:49","slug":"enfia-no-rabo-de-voces-da-imprensa-essas-latas-de-leite-condensado-diz-bolsonaro","status":"publish","type":"post","link":"https:\/\/www.caririemacao.com\/1\/2021\/01\/28\/enfia-no-rabo-de-voces-da-imprensa-essas-latas-de-leite-condensado-diz-bolsonaro\/","title":{"rendered":"\u201cEnfia no rabo de voc\u00eas da imprensa essas latas de leite condensado\u201d, diz Bolsonaro"},"content":{"rendered":"\n<p>O presidente Jair Bolsonaro rebateu, durante evento nesta quarta-feira (27), as cr\u00edticas da compra milion\u00e1ria de seu governo com alimenta\u00e7\u00e3o e alegou que a compra n\u00e3o foi destinada apenas para a presid\u00eancia da Rep\u00fablica, mas sim para atender o Ex\u00e9rcito e&nbsp; minist\u00e9rios, como os da Cidadania e Educa\u00e7\u00e3o.<\/p>\n\n\n\n<p>\u201cQuando eu vejo a imprensa me atacar, dizendo que comprei 2 milh\u00f5es e meio de latas de leite condensado, vai pra puta que eu pariu. \u00c9 pra enfiar no rabo de voc\u00eas da imprensa essas latas de leite condensado\u201d, disse Bolsonaro.<\/p>\n\n\n\n<p>\u201cEssas acusa\u00e7\u00f5es levianas n\u00e3o levam a lugar nenhum e se me acusam disso \u00e9 sinal que n\u00e3o tem do que me acusar (\u2026) Isso n\u00e3o \u00e9 mordomia, n\u00e3o \u00e9 privil\u00e9gio\u201d, completou o presidente.<\/p>\n\n\n\n<p>Bolsonaro ainda disse que vai comprovar amanh\u00e3 na live, junto com o ministro Wagner Ros\u00e1rio, da CGU, que a ex-presidente Dilma Rousseff comprou, em 2014, mais leite condensado do que ele.<\/p>\n\n\n\n<p>ClickPB<\/p>\n","protected":false},"excerpt":{"rendered":"<p>O presidente Jair Bolsonaro rebateu, durante evento nesta quarta-feira (27), as cr\u00edticas da compra milion\u00e1ria de seu governo com alimenta\u00e7\u00e3o e alegou que a compra&hellip; <\/p>\n","protected":false},"author":6,"featured_media":197505,"comment_status":"closed","ping_status":"closed","sticky":false,"template":"","format":"standard","meta":{"sfsi_plus_gutenberg_text_before_share":"","sfsi_plus_gutenberg_show_text_before_share":"","sfsi_plus_gutenberg_icon_type":"","sfsi_plus_gutenberg_icon_alignemt":"","sfsi_plus_gutenburg_max_per_row":"","footnotes":""},"categories":[50,98],"tags":[],"class_list":["post-204279","post","type-post","status-publish","format-standard","has-post-thumbnail","hentry","category-destaque","category-presidente"],"_links":{"self":[{"href":"https:\/\/www.caririemacao.com\/1\/wp-json\/wp\/v2\/posts\/204279","targetHints":{"allow":["GET"]}}],"collection":[{"href":"https:\/\/www.caririemacao.com\/1\/wp-json\/wp\/v2\/posts"}],"about":[{"href":"https:\/\/www.caririemacao.com\/1\/wp-json\/wp\/v2\/types\/post"}],"author":[{"embeddable":true,"href":"https:\/\/www.caririemacao.com\/1\/wp-json\/wp\/v2\/users\/6"}],"replies":[{"embeddable":true,"href":"https:\/\/www.caririemacao.com\/1\/wp-json\/wp\/v2\/comments?post=204279"}],"version-history":[{"count":1,"href":"https:\/\/www.caririemacao.com\/1\/wp-json\/wp\/v2\/posts\/204279\/revisions"}],"predecessor-version":[{"id":204280,"href":"https:\/\/www.caririemacao.com\/1\/wp-json\/wp\/v2\/posts\/204279\/revisions\/204280"}],"wp:featuredmedia":[{"embeddable":true,"href":"https:\/\/www.caririemacao.com\/1\/wp-json\/wp\/v2\/media\/197505"}],"wp:attachment":[{"href":"https:\/\/www.caririemacao.com\/1\/wp-json\/wp\/v2\/media?parent=204279"}],"wp:term":[{"taxonomy":"category","embeddable":true,"href":"https:\/\/www.caririemacao.com\/1\/wp-json\/wp\/v2\/categories?post=204279"},{"taxonomy":"post_tag","embeddable":true,"href":"https:\/\/www.caririemacao.com\/1\/wp-json\/wp\/v2\/tags?post=204279"}],"curies":[{"name":"wp","href":"https:\/\/api.w.org\/{rel}","templated":true}]}}