{"id":204281,"date":"2021-01-28T06:42:15","date_gmt":"2021-01-28T09:42:15","guid":{"rendered":"https:\/\/www.caririemacao.com\/1\/?p=204281"},"modified":"2021-01-28T06:42:18","modified_gmt":"2021-01-28T09:42:18","slug":"inep-divulga-gabaritos-do-enem-2020-confira","status":"publish","type":"post","link":"https:\/\/www.caririemacao.com\/1\/2021\/01\/28\/inep-divulga-gabaritos-do-enem-2020-confira\/","title":{"rendered":"Inep divulga gabaritos do Enem 2020; confira"},"content":{"rendered":"\n<p>O Instituto Nacional de Pesquisas Educacionais An\u00edsio Teixeira (Inep) liberou na tarde desta quarta-feira (27), os cadernos de prova e os gabaritos oficiais do Enem Impresso 2020. Os exames foram aplicados nos dias 17 e 24 deste m\u00eas.&nbsp;<a href=\"https:\/\/www.gov.br\/inep\/pt-br\/areas-de-atuacao\/avaliacao-e-exames-educacionais\/enem\/provas-e-gabaritos\">Acesse gabaritos Enem 2020<\/a>.<\/p>\n\n\n\n<p>As provas do primeiro dia do Enem 2020 foram compostas por uma reda\u00e7\u00e3o, cujo tema foi &#8220;O estigma associado \u00e0s doen\u00e7as mentais na sociedade brasileira&#8221;.&nbsp;Nesse dia, tamb\u00e9m foram aplicadas provas de Linguagens e C\u00f3digos e Ci\u00eancias Humanas.&nbsp;J\u00e1 no segundo dia do Enem 2020, os estudantes responderam 45 quest\u00f5es objetivas de Matem\u00e1tica e mais 45 de Ci\u00eancias da Natureza.&nbsp;<\/p>\n\n\n\n<p><strong>Reaplica\u00e7\u00e3o do Enem&nbsp; &nbsp; &nbsp; &nbsp; &nbsp; &nbsp;<\/strong><br>Estudantes que foram diagnosticados com Covid-19 ou outra doen\u00e7a infectocontagiosa durante o per\u00edodo de aplica\u00e7\u00e3o do exame educacional e n\u00e3o compareceram \u00e0s provas e participantes que foram prejudicados por problemas log\u00edsticos podem solicitar reaplica\u00e7\u00e3o do Enem 2020 at\u00e9 a pr\u00f3xima sexta-feira (29).<\/p>\n\n\n\n<p>Quem tiver o pedido aceito poder\u00e1 fazer as provas nos dias 23 e 24 de fevereiro. Inscritos do Amazonas que n\u00e3o puderam fazer o exame pela situa\u00e7\u00e3o cr\u00edtica da pandemia no estado tamb\u00e9m far\u00e3o o Enem nessas datas.<\/p>\n\n\n\n<p><strong>Enem Digital 2020&nbsp; &nbsp; &nbsp; &nbsp; &nbsp;<\/strong><br>As provas do Enem Digital 2020 come\u00e7am a ser aplicadas no pr\u00f3ximo domingo, 31 de janeiro, em 104 cidades brasileiras, menos em munic\u00edpios do Amazonas. Os exames digitais continuam a ser realizados no domingo 7 de fevereiro. Estima-se que 96.086 pessoas fa\u00e7am os testes.&nbsp;<\/p>\n\n\n\n<p>Os participantes far\u00e3o as provas em um computador, mas o conte\u00fado cobrado ser\u00e1 o mesmo que o Enem tradicional. Somente a reda\u00e7\u00e3o ser\u00e1 impressa e os jovens dever\u00e3o realiz\u00e1-la \u00e0 m\u00e3o.<\/p>\n\n\n\n<p>ClickPB<\/p>\n","protected":false},"excerpt":{"rendered":"<p>O Instituto Nacional de Pesquisas Educacionais An\u00edsio Teixeira (Inep) liberou na tarde desta quarta-feira (27), os cadernos de prova e os gabaritos oficiais do Enem&hellip; <\/p>\n","protected":false},"author":6,"featured_media":204282,"comment_status":"closed","ping_status":"closed","sticky":false,"template":"","format":"standard","meta":{"sfsi_plus_gutenberg_text_before_share":"","sfsi_plus_gutenberg_show_text_before_share":"","sfsi_plus_gutenberg_icon_type":"","sfsi_plus_gutenberg_icon_alignemt":"","sfsi_plus_gutenburg_max_per_row":"","footnotes":""},"categories":[50],"tags":[],"class_list":["post-204281","post","type-post","status-publish","format-standard","has-post-thumbnail","hentry","category-destaque"],"_links":{"self":[{"href":"https:\/\/www.caririemacao.com\/1\/wp-json\/wp\/v2\/posts\/204281","targetHints":{"allow":["GET"]}}],"collection":[{"href":"https:\/\/www.caririemacao.com\/1\/wp-json\/wp\/v2\/posts"}],"about":[{"href":"https:\/\/www.caririemacao.com\/1\/wp-json\/wp\/v2\/types\/post"}],"author":[{"embeddable":true,"href":"https:\/\/www.caririemacao.com\/1\/wp-json\/wp\/v2\/users\/6"}],"replies":[{"embeddable":true,"href":"https:\/\/www.caririemacao.com\/1\/wp-json\/wp\/v2\/comments?post=204281"}],"version-history":[{"count":1,"href":"https:\/\/www.caririemacao.com\/1\/wp-json\/wp\/v2\/posts\/204281\/revisions"}],"predecessor-version":[{"id":204283,"href":"https:\/\/www.caririemacao.com\/1\/wp-json\/wp\/v2\/posts\/204281\/revisions\/204283"}],"wp:featuredmedia":[{"embeddable":true,"href":"https:\/\/www.caririemacao.com\/1\/wp-json\/wp\/v2\/media\/204282"}],"wp:attachment":[{"href":"https:\/\/www.caririemacao.com\/1\/wp-json\/wp\/v2\/media?parent=204281"}],"wp:term":[{"taxonomy":"category","embeddable":true,"href":"https:\/\/www.caririemacao.com\/1\/wp-json\/wp\/v2\/categories?post=204281"},{"taxonomy":"post_tag","embeddable":true,"href":"https:\/\/www.caririemacao.com\/1\/wp-json\/wp\/v2\/tags?post=204281"}],"curies":[{"name":"wp","href":"https:\/\/api.w.org\/{rel}","templated":true}]}}