{"id":204291,"date":"2021-01-28T06:51:15","date_gmt":"2021-01-28T09:51:15","guid":{"rendered":"https:\/\/www.caririemacao.com\/1\/?p=204291"},"modified":"2021-01-28T06:51:17","modified_gmt":"2021-01-28T09:51:17","slug":"bolsonaro-quer-transformar-o-parlamento-em-um-anexo-do-palacio-do-planalto-diz-maia","status":"publish","type":"post","link":"https:\/\/www.caririemacao.com\/1\/2021\/01\/28\/bolsonaro-quer-transformar-o-parlamento-em-um-anexo-do-palacio-do-planalto-diz-maia\/","title":{"rendered":"Bolsonaro quer &#8216;transformar o parlamento em um anexo do Pal\u00e1cio do Planalto&#8217;, diz Maia"},"content":{"rendered":"\n<p>O presidente da C\u00e2mara dos Deputados, Rodrigo Maia (DEM-RJ), disse nesta quarta-feira (27) que a inten\u00e7\u00e3o do presidente Jair Bolsonaro &#8220;\u00e9 transformar o parlamento num anexo do Pal\u00e1cio do Planalto&#8221;. Maia tamb\u00e9m disse estimar que chegam a R$ 20 bilh\u00f5es as emendas prometidas pelo governo a parlamentares que apoiarem Arthur Lira (PP-AL) \u00e0 presid\u00eancia da C\u00e2mara.<\/p>\n\n\n\n<p>As declara\u00e7\u00f5es foram dadas em &#8220;resposta&#8221; \u00e0 fala de Bolsonaro na manh\u00e3 desta quarta ap\u00f3s reuni\u00e3o com deputados do PSL. O presidente da Rep\u00fablica disse ter a inten\u00e7\u00e3o de &#8220;influir na presid\u00eancia da C\u00e2mara&#8221; por meio de parlamentares do partido.<\/p>\n\n\n\n<p>&#8220;\u00c9 um alerta aos deputados e deputadas que a inten\u00e7\u00e3o do presidente \u00e9 transformar o parlamento num anexo do Pal\u00e1cio do Planalto, o que enfraquece o mandato de cada deputado e de cada deputada e, principalmente, no protagonismo da C\u00e2mara dos Deputados nos debates com a sociedade&#8221;, afirmou Maia.<\/p>\n\n\n\n<p>O atual presidente da C\u00e2mara defendeu a candidatura do deputado Baleia Rossi (MDB-SP) \u2013 que tenta emplacar como sucessor \u2013 em contraposi\u00e7\u00e3o ao nome de Arthur Lira (PP-AL), candidato apoiado por Bolsonaro.<\/p>\n\n\n\n<p>&#8220;Acho que a frase dele [Bolsonaro] hoje \u00e9 a prova de que precisamos de um candidato que dialogue, que tenha equil\u00edbrio como o Baleia. Que n\u00e3o seja de oposi\u00e7\u00e3o ao governo, que o Baleia n\u00e3o \u00e9, mas que entenda que o Parlamento \u00e9 outro poder&#8221;, disse Maia.<\/p>\n\n\n\n<p>&#8220;E, sendo outro poder, o fortalecimento de cada um dos mandatos se d\u00e1 exatamente com a liberdade que o presidente da C\u00e2mara tem para construir as pautas, ouvindo a sociedade, ouvindo o governo, mas, principalmente, ouvindo cada um dos 512 deputados na C\u00e2mara&#8221;, prosseguiu.<\/p>\n\n\n\n<p><strong>Pagamento de emendas<\/strong><\/p>\n\n\n\n<p>Segundo Maia, as emendas prometidas pelo Planalto a parlamentares para apoiarem Lira devem custar R$ 20 bilh\u00f5es, valor que &#8220;o governo e seu candidato n\u00e3o t\u00eam nenhuma condi\u00e7\u00e3o de cumprir&#8221;.<\/p>\n\n\n\n<p>Essas emendas, diz o presidente da C\u00e2mara, s\u00e3o &#8220;extraor\u00e7ament\u00e1rias&#8221;, ou seja, adicionais \u00e0s emendas parlamentares que j\u00e1 constam na proposta de Or\u00e7amento de 2021 que tramita no Congresso.<\/p>\n\n\n\n<p>&#8220;Eu quero saber em que or\u00e7amento para o ano de 2021, com todo o problema do teto de gastos, se eles poder\u00e3o cumprir, se vitoriosos [na elei\u00e7\u00e3o para presidente da C\u00e2mara], essa promessa. Eu acho que cada dia que passa as pessoas v\u00e3o vendo que v\u00e3o acabar sendo enganadas nesse toma l\u00e1 d\u00e1 c\u00e1&#8221;, disse.<\/p>\n\n\n\n<p>Para o presidente da C\u00e2mara, a promessa \u00e9 uma \u201cpe\u00e7a de fic\u00e7\u00e3o\u201d, j\u00e1 que n\u00e3o h\u00e1 espa\u00e7o fiscal no or\u00e7amento para o pagamento dessas emendas. \u201cAl\u00e9m do toma l\u00e1 d\u00e1 c\u00e1, \u00e9 uma pe\u00e7a de fic\u00e7\u00e3o voc\u00ea achar primeiro que o Parlamento vai estar disposto a isso\u201d, disse.<\/p>\n\n\n\n<p>\u201cA forma como ele [Bolsonaro] quer formar maioria aqui, eu acho que n\u00e3o vai dar certo. Vencendo ou perdendo, n\u00e3o vai dar certo porque o ambiente dessas promessas, do meu ponto de vista, n\u00e3o ser\u00e1 cumprido em hip\u00f3tese alguma porque n\u00e3o h\u00e1 esse espa\u00e7o fiscal nem de 10, nem de 15, nem de 20 [bilh\u00f5es] para cumprir.\u201d<\/p>\n\n\n\n<p><strong>CPI da Sa\u00fade<\/strong><\/p>\n\n\n\n<p>Maia voltou a defender a necessidade de o Congresso investigar a atua\u00e7\u00e3o do governo federal em rela\u00e7\u00e3o \u00e0 pandemia do novo coronav\u00edrus. No in\u00edcio da semana, o presidente da C\u00e2mara afirmou ter &#8220;certeza&#8221; de que o ministro da Sa\u00fade, Eduardo Pazuello, cometeu crimes na gest\u00e3o da crise sanit\u00e1ria.<\/p>\n\n\n\n<p>&#8220;Eu acredito que esse \u00e9 um tema que precisar\u00e1, por parte do Parlamento, de uma grande investiga\u00e7\u00e3o&#8221;, disse.<\/p>\n\n\n\n<p>Partidos de oposi\u00e7\u00e3o articulam a coleta das assinaturas necess\u00e1rias para apresentar um pedido de instala\u00e7\u00e3o de Comiss\u00e3o Parlamentar de Inqu\u00e9rito (CPI) sobre o tema. O n\u00famero m\u00ednimo exigido \u00e9 de 171 signat\u00e1rios.<\/p>\n\n\n\n<p>A decis\u00e3o sobre a abertura de uma CPI cabe ao presidente da C\u00e2mara, mas Maia ressaltou que \u00e9 preciso antes analisar se o pedido tem fundamento. Pelo regimento, requerimentos gen\u00e9ricos, que n\u00e3o indiquem objetivamente o que ser\u00e1 investigado, devem ser arquivados.<\/p>\n\n\n\n<p>&#8220;Tem que avaliar o m\u00e9rito da CPI. CPI tem que ter fato determinado. Eu n\u00e3o posso responder sem analisar se h\u00e1 fato determinado&#8221;, disse.<\/p>\n\n\n\n<p>ClickPB<\/p>\n","protected":false},"excerpt":{"rendered":"<p>O presidente da C\u00e2mara dos Deputados, Rodrigo Maia (DEM-RJ), disse nesta quarta-feira (27) que a inten\u00e7\u00e3o do presidente Jair Bolsonaro &#8220;\u00e9 transformar o parlamento num&hellip; <\/p>\n","protected":false},"author":6,"featured_media":204292,"comment_status":"closed","ping_status":"closed","sticky":false,"template":"","format":"standard","meta":{"sfsi_plus_gutenberg_text_before_share":"","sfsi_plus_gutenberg_show_text_before_share":"","sfsi_plus_gutenberg_icon_type":"","sfsi_plus_gutenberg_icon_alignemt":"","sfsi_plus_gutenburg_max_per_row":"","footnotes":""},"categories":[50,98],"tags":[],"class_list":["post-204291","post","type-post","status-publish","format-standard","has-post-thumbnail","hentry","category-destaque","category-presidente"],"_links":{"self":[{"href":"https:\/\/www.caririemacao.com\/1\/wp-json\/wp\/v2\/posts\/204291","targetHints":{"allow":["GET"]}}],"collection":[{"href":"https:\/\/www.caririemacao.com\/1\/wp-json\/wp\/v2\/posts"}],"about":[{"href":"https:\/\/www.caririemacao.com\/1\/wp-json\/wp\/v2\/types\/post"}],"author":[{"embeddable":true,"href":"https:\/\/www.caririemacao.com\/1\/wp-json\/wp\/v2\/users\/6"}],"replies":[{"embeddable":true,"href":"https:\/\/www.caririemacao.com\/1\/wp-json\/wp\/v2\/comments?post=204291"}],"version-history":[{"count":1,"href":"https:\/\/www.caririemacao.com\/1\/wp-json\/wp\/v2\/posts\/204291\/revisions"}],"predecessor-version":[{"id":204293,"href":"https:\/\/www.caririemacao.com\/1\/wp-json\/wp\/v2\/posts\/204291\/revisions\/204293"}],"wp:featuredmedia":[{"embeddable":true,"href":"https:\/\/www.caririemacao.com\/1\/wp-json\/wp\/v2\/media\/204292"}],"wp:attachment":[{"href":"https:\/\/www.caririemacao.com\/1\/wp-json\/wp\/v2\/media?parent=204291"}],"wp:term":[{"taxonomy":"category","embeddable":true,"href":"https:\/\/www.caririemacao.com\/1\/wp-json\/wp\/v2\/categories?post=204291"},{"taxonomy":"post_tag","embeddable":true,"href":"https:\/\/www.caririemacao.com\/1\/wp-json\/wp\/v2\/tags?post=204291"}],"curies":[{"name":"wp","href":"https:\/\/api.w.org\/{rel}","templated":true}]}}