{"id":204297,"date":"2021-01-28T08:33:35","date_gmt":"2021-01-28T11:33:35","guid":{"rendered":"https:\/\/www.caririemacao.com\/1\/?p=204297"},"modified":"2021-01-28T08:33:36","modified_gmt":"2021-01-28T11:33:36","slug":"prefeito-eden-duarte-visita-estrutura-de-matadouro-em-pernambuco","status":"publish","type":"post","link":"https:\/\/www.caririemacao.com\/1\/2021\/01\/28\/prefeito-eden-duarte-visita-estrutura-de-matadouro-em-pernambuco\/","title":{"rendered":"Prefeito \u00c9den Duarte visita estrutura de matadouro em Pernambuco"},"content":{"rendered":"\n<p>Nesta quarta-feira, dia 27, o prefeito de Sum\u00e9, \u00c9den Duarte, ao lado do vice-Prefeito Manezinho Louren\u00e7o, do secret\u00e1rio de obras, D\u00e9cio Vasconcelos, e do veterin\u00e1rio Ricardo Morato se deslocaram at\u00e9 a cidade de Sert\u00e2nia, no Moxot\u00f3 Pernambucano para visitar as estruturas do matadouro p\u00fablico daquele cidade.<\/p>\n\n\n\n<p>Em Sert\u00e2nia, a comitiva sumeense foi recebida pelo vice-prefeito de Sert\u00e2nia-PE, Toinho, pelo Vereador Niltinho e por t\u00e9cnicos da Prefeitura de Sert\u00e2nia.<\/p>\n\n\n\n<p>De acordo com \u00c9den Duarte, a visita serviu para verificar a estrutura do matadouro. \u201cEstamos mantendo contatos, fazendo visitas e discutindo com engenheiros e arquitetos para buscarmos resolver a problem\u00e1tica do matadouro local\u201d, esclareceu o prefeito.<\/p>\n\n\n\n<p>Cariri em A\u00e7\u00e3o<\/p>\n","protected":false},"excerpt":{"rendered":"<p>Nesta quarta-feira, dia 27, o prefeito de Sum\u00e9, \u00c9den Duarte, ao lado do vice-Prefeito Manezinho Louren\u00e7o, do secret\u00e1rio de obras, D\u00e9cio Vasconcelos, e do veterin\u00e1rio&hellip; <\/p>\n","protected":false},"author":6,"featured_media":204298,"comment_status":"closed","ping_status":"closed","sticky":false,"template":"","format":"standard","meta":{"sfsi_plus_gutenberg_text_before_share":"","sfsi_plus_gutenberg_show_text_before_share":"","sfsi_plus_gutenberg_icon_type":"","sfsi_plus_gutenberg_icon_alignemt":"","sfsi_plus_gutenburg_max_per_row":"","footnotes":""},"categories":[50,95],"tags":[],"class_list":["post-204297","post","type-post","status-publish","format-standard","has-post-thumbnail","hentry","category-destaque","category-sume"],"_links":{"self":[{"href":"https:\/\/www.caririemacao.com\/1\/wp-json\/wp\/v2\/posts\/204297","targetHints":{"allow":["GET"]}}],"collection":[{"href":"https:\/\/www.caririemacao.com\/1\/wp-json\/wp\/v2\/posts"}],"about":[{"href":"https:\/\/www.caririemacao.com\/1\/wp-json\/wp\/v2\/types\/post"}],"author":[{"embeddable":true,"href":"https:\/\/www.caririemacao.com\/1\/wp-json\/wp\/v2\/users\/6"}],"replies":[{"embeddable":true,"href":"https:\/\/www.caririemacao.com\/1\/wp-json\/wp\/v2\/comments?post=204297"}],"version-history":[{"count":1,"href":"https:\/\/www.caririemacao.com\/1\/wp-json\/wp\/v2\/posts\/204297\/revisions"}],"predecessor-version":[{"id":204299,"href":"https:\/\/www.caririemacao.com\/1\/wp-json\/wp\/v2\/posts\/204297\/revisions\/204299"}],"wp:featuredmedia":[{"embeddable":true,"href":"https:\/\/www.caririemacao.com\/1\/wp-json\/wp\/v2\/media\/204298"}],"wp:attachment":[{"href":"https:\/\/www.caririemacao.com\/1\/wp-json\/wp\/v2\/media?parent=204297"}],"wp:term":[{"taxonomy":"category","embeddable":true,"href":"https:\/\/www.caririemacao.com\/1\/wp-json\/wp\/v2\/categories?post=204297"},{"taxonomy":"post_tag","embeddable":true,"href":"https:\/\/www.caririemacao.com\/1\/wp-json\/wp\/v2\/tags?post=204297"}],"curies":[{"name":"wp","href":"https:\/\/api.w.org\/{rel}","templated":true}]}}