{"id":204302,"date":"2021-01-28T09:10:00","date_gmt":"2021-01-28T12:10:00","guid":{"rendered":"https:\/\/www.caririemacao.com\/1\/?p=204302"},"modified":"2021-01-28T09:10:04","modified_gmt":"2021-01-28T12:10:04","slug":"policia-civil-prende-suspeito-e-desarticula-esquema-de-roubo-e-desmanche-de-carros-em-soledade","status":"publish","type":"post","link":"https:\/\/www.caririemacao.com\/1\/2021\/01\/28\/policia-civil-prende-suspeito-e-desarticula-esquema-de-roubo-e-desmanche-de-carros-em-soledade\/","title":{"rendered":"Pol\u00edcia Civil prende suspeito e desarticula esquema de roubo e desmanche de carros, em Soledade"},"content":{"rendered":"\n<p>Ap\u00f3s cerca de dois meses de uma investiga\u00e7\u00e3o sigilosa, a Pol\u00edcia Civil (PC) conseguiu desarticular um esquema de roubo de autom\u00f3veis e motocicletas de trabalhadores e que eram vendidos para serem \u201cdesmanchados\u201d em uma sucata na cidade de Soledade, interior da Para\u00edba.<\/p>\n\n\n\n<p>O fio da ninhada come\u00e7ou a ser desenrolado com a pris\u00e3o de um suspeito de 42 anos, na \u00faltima ter\u00e7a-feira (26).<\/p>\n\n\n\n<p>Ele foi flagrado atrav\u00e9s de c\u00e2meras de seguran\u00e7a em atua\u00e7\u00e3o em uma empresa na avenida Assis Chateaubriand, zona sul de Campina Grande.<\/p>\n\n\n\n<p>Imagens de c\u00e2meras de seguran\u00e7a, mostram o homem trajando uma jaqueta de mototaxista dando suporte para que um comparsa furtasse uma motocicleta que fica em um estacionamento na frente da ind\u00fastria de cal\u00e7ados.<\/p>\n\n\n\n<p>O delegado, Diego Beltr\u00e3o, que conduziu a investiga\u00e7\u00e3o, disse que os meliantes agiam sempre da mesma forma e, assim, obtiveram sucesso em diversas ocasi\u00f5es.<\/p>\n\n\n\n<p>Os produtos das a\u00e7\u00f5es criminosas eram, de acordo com a autoridade policial, interceptada pelo dono da sucata em Soledade, que \u201cmatava\u201d os ve\u00edculos e comercializava as pe\u00e7as. A sucata, portanto, era utilizada como desmanche de ve\u00edculos.<\/p>\n\n\n\n<p>Ap\u00f3s tomarem conhecimento do esquema, v\u00e1rios trabalhadores reconheceram seus ve\u00edculos na sucata completamente destru\u00eddos. O dono da sucata disse que n\u00e3o tinha conhecimento de que os ve\u00edculos, eram, na verdade, furtados ou roubados.<\/p>\n\n\n\n<p>A Policia Civil continuar\u00e1 a dar prosseguimento com as investiga\u00e7\u00f5es.<\/p>\n\n\n\n<p><strong>De Olho no Cariri<\/strong><\/p>\n","protected":false},"excerpt":{"rendered":"<p>Ap\u00f3s cerca de dois meses de uma investiga\u00e7\u00e3o sigilosa, a Pol\u00edcia Civil (PC) conseguiu desarticular um esquema de roubo de autom\u00f3veis e motocicletas de trabalhadores&hellip; <\/p>\n","protected":false},"author":6,"featured_media":204305,"comment_status":"closed","ping_status":"closed","sticky":false,"template":"","format":"standard","meta":{"sfsi_plus_gutenberg_text_before_share":"","sfsi_plus_gutenberg_show_text_before_share":"","sfsi_plus_gutenberg_icon_type":"","sfsi_plus_gutenberg_icon_alignemt":"","sfsi_plus_gutenburg_max_per_row":"","footnotes":""},"categories":[6],"tags":[],"class_list":["post-204302","post","type-post","status-publish","format-standard","has-post-thumbnail","hentry","category-cidades"],"_links":{"self":[{"href":"https:\/\/www.caririemacao.com\/1\/wp-json\/wp\/v2\/posts\/204302","targetHints":{"allow":["GET"]}}],"collection":[{"href":"https:\/\/www.caririemacao.com\/1\/wp-json\/wp\/v2\/posts"}],"about":[{"href":"https:\/\/www.caririemacao.com\/1\/wp-json\/wp\/v2\/types\/post"}],"author":[{"embeddable":true,"href":"https:\/\/www.caririemacao.com\/1\/wp-json\/wp\/v2\/users\/6"}],"replies":[{"embeddable":true,"href":"https:\/\/www.caririemacao.com\/1\/wp-json\/wp\/v2\/comments?post=204302"}],"version-history":[{"count":1,"href":"https:\/\/www.caririemacao.com\/1\/wp-json\/wp\/v2\/posts\/204302\/revisions"}],"predecessor-version":[{"id":204306,"href":"https:\/\/www.caririemacao.com\/1\/wp-json\/wp\/v2\/posts\/204302\/revisions\/204306"}],"wp:featuredmedia":[{"embeddable":true,"href":"https:\/\/www.caririemacao.com\/1\/wp-json\/wp\/v2\/media\/204305"}],"wp:attachment":[{"href":"https:\/\/www.caririemacao.com\/1\/wp-json\/wp\/v2\/media?parent=204302"}],"wp:term":[{"taxonomy":"category","embeddable":true,"href":"https:\/\/www.caririemacao.com\/1\/wp-json\/wp\/v2\/categories?post=204302"},{"taxonomy":"post_tag","embeddable":true,"href":"https:\/\/www.caririemacao.com\/1\/wp-json\/wp\/v2\/tags?post=204302"}],"curies":[{"name":"wp","href":"https:\/\/api.w.org\/{rel}","templated":true}]}}