{"id":204307,"date":"2021-01-28T09:11:32","date_gmt":"2021-01-28T12:11:32","guid":{"rendered":"https:\/\/www.caririemacao.com\/1\/?p=204307"},"modified":"2021-01-28T09:11:34","modified_gmt":"2021-01-28T12:11:34","slug":"governo-suspende-exigencia-de-prova-de-vida-de-aposentados-federais","status":"publish","type":"post","link":"https:\/\/www.caririemacao.com\/1\/2021\/01\/28\/governo-suspende-exigencia-de-prova-de-vida-de-aposentados-federais\/","title":{"rendered":"Governo suspende exig\u00eancia de prova de vida de aposentados federais"},"content":{"rendered":"\n<p>O Minist\u00e9rio da Economia suspendeu, at\u00e9 31 de mar\u00e7o, a exig\u00eancia do recadastramento de aposentados e pensionistas da administra\u00e7\u00e3o federal e de anistiados pol\u00edticos civis, como medida de prote\u00e7\u00e3o para o enfrentamento da pandemia de Covid-19. Assim, a falta da prova de vida n\u00e3o afetar\u00e1 o recebimento dos proventos ou pens\u00f5es pelos benefici\u00e1rios.<\/p>\n\n\n\n<p>A instru\u00e7\u00e3o normativa foi publicada nesta quarta-feira (27) no Di\u00e1rio Oficial da Uni\u00e3o e n\u00e3o se aplica ao recadastramento daqueles que j\u00e1 est\u00e3o com o pagamento suspenso na presente data.<\/p>\n\n\n\n<p>Os benefici\u00e1rios que, porventura, tiverem o pagamento suspenso a partir desta quarta-feira, poder\u00e3o solicitar o restabelecimento excepcional por meio da p\u00e1gina do Sigepe (o sistema de gest\u00e3o de pessoal do governo federal), pelo m\u00f3dulo de Requerimento do Sigepe, tipo de Documento \u201cRestabelecimento de Pagamento \u2013 COVID19\u201d. O benefici\u00e1rio ser\u00e1 comunicado por e-mail do deferimento de seu requerimento.<\/p>\n\n\n\n<p>Encerrado o per\u00edodo de suspens\u00e3o, a comprova\u00e7\u00e3o de vida dever\u00e1 ser realizada para continuidade do pagamento de proventos e pens\u00f5es e recebimento de eventuais retroativos. Na ocasi\u00e3o, o Minist\u00e9rio da Economia estabelecer\u00e1 um cronograma.<\/p>\n\n\n\n<p>At\u00e9 31 de mar\u00e7o tamb\u00e9m fica suspensa a realiza\u00e7\u00e3o de visitas t\u00e9cnicas para fins de prova de vida.<\/p>\n\n\n\n<p>Fonte: Portal Correio<\/p>\n","protected":false},"excerpt":{"rendered":"<p>O Minist\u00e9rio da Economia suspendeu, at\u00e9 31 de mar\u00e7o, a exig\u00eancia do recadastramento de aposentados e pensionistas da administra\u00e7\u00e3o federal e de anistiados pol\u00edticos civis,&hellip; <\/p>\n","protected":false},"author":6,"featured_media":204308,"comment_status":"closed","ping_status":"closed","sticky":false,"template":"","format":"standard","meta":{"sfsi_plus_gutenberg_text_before_share":"","sfsi_plus_gutenberg_show_text_before_share":"","sfsi_plus_gutenberg_icon_type":"","sfsi_plus_gutenberg_icon_alignemt":"","sfsi_plus_gutenburg_max_per_row":"","footnotes":""},"categories":[50],"tags":[],"class_list":["post-204307","post","type-post","status-publish","format-standard","has-post-thumbnail","hentry","category-destaque"],"_links":{"self":[{"href":"https:\/\/www.caririemacao.com\/1\/wp-json\/wp\/v2\/posts\/204307","targetHints":{"allow":["GET"]}}],"collection":[{"href":"https:\/\/www.caririemacao.com\/1\/wp-json\/wp\/v2\/posts"}],"about":[{"href":"https:\/\/www.caririemacao.com\/1\/wp-json\/wp\/v2\/types\/post"}],"author":[{"embeddable":true,"href":"https:\/\/www.caririemacao.com\/1\/wp-json\/wp\/v2\/users\/6"}],"replies":[{"embeddable":true,"href":"https:\/\/www.caririemacao.com\/1\/wp-json\/wp\/v2\/comments?post=204307"}],"version-history":[{"count":1,"href":"https:\/\/www.caririemacao.com\/1\/wp-json\/wp\/v2\/posts\/204307\/revisions"}],"predecessor-version":[{"id":204309,"href":"https:\/\/www.caririemacao.com\/1\/wp-json\/wp\/v2\/posts\/204307\/revisions\/204309"}],"wp:featuredmedia":[{"embeddable":true,"href":"https:\/\/www.caririemacao.com\/1\/wp-json\/wp\/v2\/media\/204308"}],"wp:attachment":[{"href":"https:\/\/www.caririemacao.com\/1\/wp-json\/wp\/v2\/media?parent=204307"}],"wp:term":[{"taxonomy":"category","embeddable":true,"href":"https:\/\/www.caririemacao.com\/1\/wp-json\/wp\/v2\/categories?post=204307"},{"taxonomy":"post_tag","embeddable":true,"href":"https:\/\/www.caririemacao.com\/1\/wp-json\/wp\/v2\/tags?post=204307"}],"curies":[{"name":"wp","href":"https:\/\/api.w.org\/{rel}","templated":true}]}}