{"id":204358,"date":"2021-01-28T10:11:50","date_gmt":"2021-01-28T13:11:50","guid":{"rendered":"https:\/\/www.caririemacao.com\/1\/?p=204358"},"modified":"2021-01-28T10:11:52","modified_gmt":"2021-01-28T13:11:52","slug":"detran-promove-primeiro-leilao-de-2021-com-778-veiculos-a-partir-desta-quinta-feira","status":"publish","type":"post","link":"https:\/\/www.caririemacao.com\/1\/2021\/01\/28\/detran-promove-primeiro-leilao-de-2021-com-778-veiculos-a-partir-desta-quinta-feira\/","title":{"rendered":"Detran promove primeiro leil\u00e3o de 2021 com 778 ve\u00edculos a partir desta quinta-feira"},"content":{"rendered":"\n<p class=\"wp-block-paragraph\">O Departamento Estadual de Tr\u00e2nsito (Detran-PB) realiza nesta quinta-feira (28) e sexta-feira (29),&nbsp;a partir das 9h, o primeiro leil\u00e3o de ve\u00edculos de 2021. Os 778 carros e motos a serem leiloados nas duas datas foram removidos e apreendidos em dep\u00f3sitos sob a guarda do \u00f3rg\u00e3o, por infra\u00e7\u00f5es ao C\u00f3digo de Tr\u00e2nsito Brasileiro (CTB).<\/p>\n\n\n\n<p class=\"wp-block-paragraph\">O leil\u00e3o ser\u00e1 exclusivamente na modalidade online, realizado por leiloeiro p\u00fablico, com suporte t\u00e9cnico de empresa credenciada ao \u00f3rg\u00e3o para esse fim. No\u00a0<a href=\"http:\/\/www.barradasequeiroz.com.br\/site\/leiloes.asp?ref=1\">site respons\u00e1vel pelo leil\u00e3o<\/a>, j\u00e1 se encontram as imagens dos ve\u00edculos para visita\u00e7\u00e3o virtual e oferta de lances, sendo classificados como recuper\u00e1veis e sucateados.<\/p>\n\n\n\n<p class=\"wp-block-paragraph\">A visita presencial para os interessados em realizar uma inspe\u00e7\u00e3o visual foi realizada dos dias 25 a 27 de janeiro.&nbsp;<\/p>\n\n\n\n<p class=\"wp-block-paragraph\">Para participar do leil\u00e3o de forma online basta acessar o site indicado, realizar o cadastro e ofertar seus lances via internet, acompanhando os lances de terceiros. Ainda de acordo com o edital, o valor m\u00ednimo de venda do bem deve ser igual ou maior que o valor da avalia\u00e7\u00e3o. Mais informa\u00e7\u00f5es podem ser obtidas na \u00edntegra dos editais, dispon\u00edveis no site www.detran.pb.gov.br, no \u00edcone Leil\u00f5es, em Editais de Leil\u00e3o e no link Leil\u00f5es 2021.<\/p>\n\n\n\n<p class=\"wp-block-paragraph\">Para o superintendente do Detran-PB, Agamenon Vieira, o leil\u00e3o tem o objetivo de esvaziar os p\u00e1tios do \u00f3rg\u00e3o em todo o estado, lotados com ve\u00edculos n\u00e3o resgatados por seus propriet\u00e1rios no devido tempo estipulado por lei.<\/p>\n\n\n\n<p class=\"wp-block-paragraph\">ClickPB<\/p>\n","protected":false},"excerpt":{"rendered":"<p>O Departamento Estadual de Tr\u00e2nsito (Detran-PB) realiza nesta quinta-feira (28) e sexta-feira (29),&nbsp;a partir das 9h, o primeiro leil\u00e3o de ve\u00edculos de 2021. Os 778 carros e motos a serem leiloados nas duas datas foram removidos e apreendidos em dep\u00f3sitos sob a guarda do \u00f3rg\u00e3o, por infra\u00e7\u00f5es ao C\u00f3digo de Tr\u00e2nsito Brasileiro (CTB). O leil\u00e3o ser\u00e1 exclusivamente na modalidade online, realizado por leiloeiro p\u00fablico, com suporte t\u00e9cnico de empresa credenciada ao \u00f3rg\u00e3o para esse fim. No\u00a0site respons\u00e1vel pelo leil\u00e3o, j\u00e1 se encontram as imagens dos ve\u00edculos para visita\u00e7\u00e3o virtual e oferta de lances, sendo classificados como recuper\u00e1veis e sucateados. A visita presencial para os interessados em realizar uma inspe\u00e7\u00e3o visual foi realizada dos dias 25 a 27 de janeiro.&nbsp; Para participar do leil\u00e3o de forma online basta acessar o site indicado, realizar o cadastro e ofertar seus lances via internet, acompanhando os lances de terceiros. Ainda de acordo com o edital, o valor m\u00ednimo de venda do bem deve ser igual ou maior que o valor da avalia\u00e7\u00e3o. Mais informa\u00e7\u00f5es podem ser obtidas na \u00edntegra dos editais, dispon\u00edveis no site www.detran.pb.gov.br, no \u00edcone Leil\u00f5es, em Editais de Leil\u00e3o e no link Leil\u00f5es 2021. Para o superintendente do Detran-PB, Agamenon Vieira, o leil\u00e3o tem o objetivo de esvaziar os p\u00e1tios do \u00f3rg\u00e3o em todo o estado, lotados com ve\u00edculos n\u00e3o resgatados por seus propriet\u00e1rios no devido tempo estipulado por lei. ClickPB<\/p>\n","protected":false},"author":6,"featured_media":204359,"comment_status":"closed","ping_status":"closed","sticky":false,"template":"","format":"standard","meta":{"sfsi_plus_gutenberg_text_before_share":"","sfsi_plus_gutenberg_show_text_before_share":"","sfsi_plus_gutenberg_icon_type":"","sfsi_plus_gutenberg_icon_alignemt":"","sfsi_plus_gutenburg_max_per_row":"","footnotes":""},"categories":[50,104],"tags":[],"class_list":["post-204358","post","type-post","status-publish","format-standard","has-post-thumbnail","hentry","category-destaque","category-paraiba"],"_links":{"self":[{"href":"https:\/\/www.caririemacao.com\/1\/wp-json\/wp\/v2\/posts\/204358","targetHints":{"allow":["GET"]}}],"collection":[{"href":"https:\/\/www.caririemacao.com\/1\/wp-json\/wp\/v2\/posts"}],"about":[{"href":"https:\/\/www.caririemacao.com\/1\/wp-json\/wp\/v2\/types\/post"}],"author":[{"embeddable":true,"href":"https:\/\/www.caririemacao.com\/1\/wp-json\/wp\/v2\/users\/6"}],"replies":[{"embeddable":true,"href":"https:\/\/www.caririemacao.com\/1\/wp-json\/wp\/v2\/comments?post=204358"}],"version-history":[{"count":1,"href":"https:\/\/www.caririemacao.com\/1\/wp-json\/wp\/v2\/posts\/204358\/revisions"}],"predecessor-version":[{"id":204360,"href":"https:\/\/www.caririemacao.com\/1\/wp-json\/wp\/v2\/posts\/204358\/revisions\/204360"}],"wp:featuredmedia":[{"embeddable":true,"href":"https:\/\/www.caririemacao.com\/1\/wp-json\/wp\/v2\/media\/204359"}],"wp:attachment":[{"href":"https:\/\/www.caririemacao.com\/1\/wp-json\/wp\/v2\/media?parent=204358"}],"wp:term":[{"taxonomy":"category","embeddable":true,"href":"https:\/\/www.caririemacao.com\/1\/wp-json\/wp\/v2\/categories?post=204358"},{"taxonomy":"post_tag","embeddable":true,"href":"https:\/\/www.caririemacao.com\/1\/wp-json\/wp\/v2\/tags?post=204358"}],"curies":[{"name":"wp","href":"https:\/\/api.w.org\/{rel}","templated":true}]}}