{"id":20451,"date":"2017-05-25T21:52:54","date_gmt":"2017-05-26T00:52:54","guid":{"rendered":"http:\/\/caririemacao.com\/1\/?p=20451"},"modified":"2017-06-23T17:52:42","modified_gmt":"2017-06-23T20:52:42","slug":"exclusivo-prefeitura-de-santo-andre-divulga-programacao-do-sao-joao-2017","status":"publish","type":"post","link":"https:\/\/www.caririemacao.com\/1\/2017\/05\/25\/exclusivo-prefeitura-de-santo-andre-divulga-programacao-do-sao-joao-2017\/","title":{"rendered":"Exclusivo: Prefeitura de Santo Andr\u00e9 divulga programa\u00e7\u00e3o do S\u00e3o Jo\u00e3o 2017"},"content":{"rendered":"<p>A Prefeitura Municipal de Santo Andr\u00e9 divulgou oficialmente a programa\u00e7\u00e3o do S\u00e3o Jo\u00e3o 2017 que contar\u00e1 como tr\u00eas de muita festa e incentivo a cultura e a economia do munic\u00edpio.<\/p>\n<p>O tradicional S\u00e3o Jo\u00e3o de Santo Andr\u00e9 ocorrera nos dias 22,23 e 24 de junho e contra com quadrilhas al\u00e9m de tr\u00eas noites de muito forr\u00f3.<\/p>\n<p>No dia 22 ser\u00e1 a abertura est\u00e1 prevista para as 20hs, e contra com a apresenta\u00e7\u00e3o de quadrilhas a noite ser\u00e1 animada pelos cantores Rafa J\u00fanior e Joca Oliveira.<\/p>\n<p>J\u00e1 na noite do dia 23 v\u00e9spera de S\u00e3o Jo\u00e3o passar\u00e1 pelo palco do seren\u00e3o as seguintes atra\u00e7\u00f5es Ian Messias, Forroz\u00e3o Espora de Ouro e Forr\u00f3 D 2.<\/p>\n<p>E para encerra a programa\u00e7\u00e3o com chave de ouro no dia 24, a galera vai se balan\u00e7ar ao sono da Banda Brasas do Forr\u00f3, Verusca Ramos e Genildo e Ginaldo.<\/p>\n<p>Em conversa com a prefeita Silva Marinho ela falou de sua expectativa para o evento e destacou que promover o S\u00e3o Jo\u00e3o de Santo Andr\u00e9 \u00e9 aquecer a economia.<\/p>\n<p>Tem uma boa expectativa para esse ano no tradicional S\u00e3o Jo\u00e3o dessa terra, n\u00e3o foi f\u00e1cil mais com um pouco de esfor\u00e7o conseguimos fechar essa programa\u00e7\u00e3o, mais fizemos com muito carinho porque tenho certeza que investir nos festejos juninos no nosso munic\u00edpio \u00e9 a aquecer a econ\u00f4mica no nosso munic\u00edpio, al\u00e9m da promo\u00e7\u00e3o de lazer para popula\u00e7\u00e3o desse munic\u00edpio. A nossa gest\u00e3o n\u00e3o cansa de procura meios para investir nessa terra com o objetivo de vela progredir.<\/p>\n<p><strong>CARIRI EM A\u00c7\u00c3O<\/strong><\/p>\n<p><strong>Leia mais not\u00edcias em\u00a0<\/strong><a href=\"http:\/\/www.caririemacao.com\/\"><strong>caririemacao.com<\/strong><\/a><strong>, siga nossa p\u00e1gina no\u00a0<\/strong><a href=\"https:\/\/www.facebook.com\/CaririEmAcao\/?ref=aymt_homepage_panel\"><strong>Facebook<\/strong><\/a><strong>\u00a0e\u00a0<a href=\"https:\/\/www.instagram.com\/cariri_em_acao\/?hl=pt-br\">Instagram<\/a>\u00a0veja nossas mat\u00e9rias e fotos. Voc\u00ea tamb\u00e9m pode enviar informa\u00e7\u00f5es \u00e0 Reda\u00e7\u00e3o do Portal Cariri em A\u00e7\u00e3o pelo WhatsApp (83) 9 9634.5791, (83) 9 9601-1162.<\/strong><\/p>\n","protected":false},"excerpt":{"rendered":"<p>A Prefeitura Municipal de Santo Andr\u00e9 divulgou oficialmente a programa\u00e7\u00e3o do S\u00e3o Jo\u00e3o 2017 que contar\u00e1 como tr\u00eas de muita festa e incentivo a cultura&hellip; <\/p>\n","protected":false},"author":2,"featured_media":20453,"comment_status":"closed","ping_status":"closed","sticky":false,"template":"","format":"standard","meta":{"sfsi_plus_gutenberg_text_before_share":"","sfsi_plus_gutenberg_show_text_before_share":"","sfsi_plus_gutenberg_icon_type":"","sfsi_plus_gutenberg_icon_alignemt":"","sfsi_plus_gutenburg_max_per_row":"","footnotes":""},"categories":[6],"tags":[],"class_list":["post-20451","post","type-post","status-publish","format-standard","has-post-thumbnail","hentry","category-cidades"],"_links":{"self":[{"href":"https:\/\/www.caririemacao.com\/1\/wp-json\/wp\/v2\/posts\/20451","targetHints":{"allow":["GET"]}}],"collection":[{"href":"https:\/\/www.caririemacao.com\/1\/wp-json\/wp\/v2\/posts"}],"about":[{"href":"https:\/\/www.caririemacao.com\/1\/wp-json\/wp\/v2\/types\/post"}],"author":[{"embeddable":true,"href":"https:\/\/www.caririemacao.com\/1\/wp-json\/wp\/v2\/users\/2"}],"replies":[{"embeddable":true,"href":"https:\/\/www.caririemacao.com\/1\/wp-json\/wp\/v2\/comments?post=20451"}],"version-history":[{"count":0,"href":"https:\/\/www.caririemacao.com\/1\/wp-json\/wp\/v2\/posts\/20451\/revisions"}],"wp:featuredmedia":[{"embeddable":true,"href":"https:\/\/www.caririemacao.com\/1\/wp-json\/wp\/v2\/media\/20453"}],"wp:attachment":[{"href":"https:\/\/www.caririemacao.com\/1\/wp-json\/wp\/v2\/media?parent=20451"}],"wp:term":[{"taxonomy":"category","embeddable":true,"href":"https:\/\/www.caririemacao.com\/1\/wp-json\/wp\/v2\/categories?post=20451"},{"taxonomy":"post_tag","embeddable":true,"href":"https:\/\/www.caririemacao.com\/1\/wp-json\/wp\/v2\/tags?post=20451"}],"curies":[{"name":"wp","href":"https:\/\/api.w.org\/{rel}","templated":true}]}}