{"id":20457,"date":"2017-05-25T23:39:56","date_gmt":"2017-05-26T02:39:56","guid":{"rendered":"http:\/\/caririemacao.com\/1\/?p=20457"},"modified":"2017-05-25T23:42:27","modified_gmt":"2017-05-26T02:42:27","slug":"cras-de-prata-realiza-palestra-para-idosos-com-a-fisioterapeuta-joanne-sousa","status":"publish","type":"post","link":"https:\/\/www.caririemacao.com\/1\/2017\/05\/25\/cras-de-prata-realiza-palestra-para-idosos-com-a-fisioterapeuta-joanne-sousa\/","title":{"rendered":"CRAS de Prata realiza palestra para idosos com a fisioterapeuta Joanne Sousa"},"content":{"rendered":"<p>O Grupo de Idosos juntamente com o NASF-Prata \u00a0foram contemplados com uma palestra com a Fisioterapeuta Dr\u00b0 Joanne Sousa.<\/p>\n<p>O intuito da mesma era orientar sobre como evitar acidentes com os mesmos no seu dia a dia.<\/p>\n<p>Tendo como tema: \u201cENCONTRO DA IDADE ATIVA\u201d, os idosos gostaram muito da palestra e aprenderam muitas coisas. A palestra foi marcada com muitos momentos de descontra\u00e7\u00e3o e aprendizagem.<\/p>\n<p>Toda a equipe do CRAS agradece a presen\u00e7a desta grande profissional na \u00e1rea<\/p>\n<p><strong>CARIRI EM A\u00c7\u00c3O<\/strong><\/p>\n<p>Com Andr\u00e9 Luiz\/Foto: Divulga\u00e7\u00e3o<\/p>\n<p><strong>Leia mais not\u00edcias em\u00a0<\/strong><a href=\"http:\/\/www.caririemacao.com\/\"><strong>caririemacao.com<\/strong><\/a><strong>, siga nossa p\u00e1gina no\u00a0<\/strong><a href=\"https:\/\/www.facebook.com\/CaririEmAcao\/?ref=aymt_homepage_panel\"><strong>Facebook<\/strong><\/a><strong>\u00a0e\u00a0<a href=\"https:\/\/www.instagram.com\/cariri_em_acao\/?hl=pt-br\">Instagram<\/a>\u00a0veja nossas mat\u00e9rias e fotos. Voc\u00ea tamb\u00e9m pode enviar informa\u00e7\u00f5es \u00e0 Reda\u00e7\u00e3o do Portal Cariri em A\u00e7\u00e3o pelo WhatsApp (83) 9 9634.5791, (83) 9 9601-1162.<\/strong><\/p>\n","protected":false},"excerpt":{"rendered":"<p>O Grupo de Idosos juntamente com o NASF-Prata \u00a0foram contemplados com uma palestra com a Fisioterapeuta Dr\u00b0 Joanne Sousa. O intuito da mesma era orientar&hellip; <\/p>\n","protected":false},"author":2,"featured_media":20458,"comment_status":"closed","ping_status":"closed","sticky":false,"template":"","format":"standard","meta":{"sfsi_plus_gutenberg_text_before_share":"","sfsi_plus_gutenberg_show_text_before_share":"","sfsi_plus_gutenberg_icon_type":"","sfsi_plus_gutenberg_icon_alignemt":"","sfsi_plus_gutenburg_max_per_row":"","footnotes":""},"categories":[16],"tags":[],"class_list":["post-20457","post","type-post","status-publish","format-standard","has-post-thumbnail","hentry","category-saude"],"_links":{"self":[{"href":"https:\/\/www.caririemacao.com\/1\/wp-json\/wp\/v2\/posts\/20457","targetHints":{"allow":["GET"]}}],"collection":[{"href":"https:\/\/www.caririemacao.com\/1\/wp-json\/wp\/v2\/posts"}],"about":[{"href":"https:\/\/www.caririemacao.com\/1\/wp-json\/wp\/v2\/types\/post"}],"author":[{"embeddable":true,"href":"https:\/\/www.caririemacao.com\/1\/wp-json\/wp\/v2\/users\/2"}],"replies":[{"embeddable":true,"href":"https:\/\/www.caririemacao.com\/1\/wp-json\/wp\/v2\/comments?post=20457"}],"version-history":[{"count":0,"href":"https:\/\/www.caririemacao.com\/1\/wp-json\/wp\/v2\/posts\/20457\/revisions"}],"wp:featuredmedia":[{"embeddable":true,"href":"https:\/\/www.caririemacao.com\/1\/wp-json\/wp\/v2\/media\/20458"}],"wp:attachment":[{"href":"https:\/\/www.caririemacao.com\/1\/wp-json\/wp\/v2\/media?parent=20457"}],"wp:term":[{"taxonomy":"category","embeddable":true,"href":"https:\/\/www.caririemacao.com\/1\/wp-json\/wp\/v2\/categories?post=20457"},{"taxonomy":"post_tag","embeddable":true,"href":"https:\/\/www.caririemacao.com\/1\/wp-json\/wp\/v2\/tags?post=20457"}],"curies":[{"name":"wp","href":"https:\/\/api.w.org\/{rel}","templated":true}]}}