{"id":204589,"date":"2021-01-29T15:53:32","date_gmt":"2021-01-29T18:53:32","guid":{"rendered":"https:\/\/www.caririemacao.com\/1\/?p=204589"},"modified":"2021-01-29T15:53:35","modified_gmt":"2021-01-29T18:53:35","slug":"nova-cepa-do-coronavirus-surgida-em-manaus-pode-tomar-pais-em-um-mes-estima-cientista","status":"publish","type":"post","link":"https:\/\/www.caririemacao.com\/1\/2021\/01\/29\/nova-cepa-do-coronavirus-surgida-em-manaus-pode-tomar-pais-em-um-mes-estima-cientista\/","title":{"rendered":"Nova cepa do coronav\u00edrus surgida em Manaus pode tomar pa\u00eds em um m\u00eas, estima cientista"},"content":{"rendered":"\n<p>A nova cepa do coronav\u00edrus, encontrada inicialmente em Manaus, j\u00e1 est\u00e1 em 91% das amostras de v\u00edrus sequenciadas no Amazonas e pode ter sabotado a imunidade coletiva de Covid-19 que existia na cidade, afirmam cientistas que monitoram a situa\u00e7\u00e3o.<\/p>\n\n\n\n<p>\u2014 Provavelmente essa nova variante j\u00e1 est\u00e1 em outras regi\u00f5es do pa\u00eds, e \u00e9 quest\u00e3o de tempo ela se tornar dominante. Em cerca de um m\u00eas j\u00e1 deve prevalecer sobre outras no monitoramento \u2014 disse o infectologista Marcus Lacerda, da Fiocruz-AM.<\/p>\n\n\n\n<p>Segundo ele, h\u00e1 muitos ind\u00edcios de que a P.1, sigla dessa variante espec\u00edfica do v\u00edrus, \u00e9 de fato um subtipo do v\u00edrus com maior capacidade de transmiss\u00e3o.<\/p>\n\n\n\n<p>Anteontem \u00e0 noite, uma equipe internacional com participa\u00e7\u00e3o da USP, Universidade de Oxford, King&#8217;s College e Universidade Harvard publicou artigo sobre o tema. Encabe\u00e7ados por Ester Sabino, do Instituto de Medicina Tropical da USP, a P.1 \u00e9 apontada como uma das principais suspeitas pela escala arrasadora da segunda onda de Covid-19 que varreu Manaus.<\/p>\n\n\n\n<p>Em setembro do ano passado, o grupo havia publicado artigo sugerindo que a capital amazonense j\u00e1 teria atingido a chamada \u201cimunidade de rebanho\u201d, quando a parcela de popula\u00e7\u00e3o infectada pelo v\u00edrus \u00e9 t\u00e3o alta que o sistema imune das pessoas torna-se barreira \u00e0 dissemina\u00e7\u00e3o.<\/p>\n\n\n\n<p>De maio a dezembro, os manauaras praticaram pouco isolamento social sem que o v\u00edrus tenha se disseminado muito. A explos\u00e3o de casos ocorrida em janeiro de 2021, que provocou um segundo colapso do sistema de sa\u00fade do munic\u00edpio, e tamb\u00e9m do estado, coincidiu com a emerg\u00eancia do P.1, sugerindo uma liga\u00e7\u00e3o.<\/p>\n\n\n\n<p><strong>Pacientes transferidos<\/strong><\/p>\n\n\n\n<p>Alguns dos pacientes tiveram de ser transferidos para outros estados para conseguir atendimento de UTI, o que provocou cr\u00edticas por parte de alguns m\u00e9dicos.<\/p>\n\n\n\n<p>\u2014 O mundo inteiro est\u00e1 fechando os voos para o Brasil, e o pa\u00eds n\u00e3o s\u00f3 est\u00e1 aberto normalmente, como est\u00e1 retirando pacientes de Manaus e mandando para Goi\u00e1s, Bahia, outros lugares, sem fazer os bloqueios de biosseguran\u00e7a \u2014 afirmou Luiz Henrique Mandetta, ex-ministro da Sa\u00fade, ao programa Manhattan Connection, da TV Cultura. \u2014 Provavelmente vamos plantar essa cepa em todos os territ\u00f3rios da federa\u00e7\u00e3o, e daqui a 60 dias podemos ter uma megaepidemia.<\/p>\n\n\n\n<p>Lacerda concorda com a gravidade da situa\u00e7\u00e3o, mas critica a fala de Mandetta.<\/p>\n\n\n\n<p>\u2014 A transfer\u00eancia de pacientes \u00e9 uma quest\u00e3o humanit\u00e1ria, e n\u00e3o \u00e9 o transporte controlado deles que est\u00e1 espalhando v\u00edrus, mas sim as pessoas que viajam e n\u00e3o praticam isolamento e medidas de controle \u2014 disse.<\/p>\n\n\n\n<p>Dada a alta preval\u00eancia desse v\u00edrus na Regi\u00e3o Norte, diz Lacerda, fechar divisas de estado n\u00e3o deve surtir mais efeito, porque o v\u00edrus j\u00e1 deve estar em outras regi\u00f5es.<\/p>\n\n\n\n<p><strong>Manaus teve duas &#8216;primeiras ondas&#8217;<\/strong><\/p>\n\n\n\n<p>No artigo liderado por Ester Sabino, da USP, os cientistas afirmam que o P.1 pode ter interferido na epidemia de Manaus de duas formas. Por ser mais transmiss\u00edvel, o v\u00edrus pode ter aumentado sua preval\u00eancia naturalmente, competindo por espa\u00e7o com outras variedades do Sars-CoV-2. Mais preocupante, as muta\u00e7\u00f5es sofridas por essa variante do v\u00edrus podem t\u00ea-lo tornado capaz de infectar pessoas que j\u00e1 tinham adquirido imunidade.<\/p>\n\n\n\n<p>Outras explica\u00e7\u00f5es podem estar por tr\u00e1s da segunda onda explosiva da cidade, como um decl\u00ednio natural da imunidade adquirida, mas \u00e9 pouco prov\u00e1vel, escrevem os pesquisadores. Pode ter acontecido que a imunidade de rebanho tenha sido superestimada, por problema no recorte de pacientes.<\/p>\n\n\n\n<p>A primeira onda da Covid-19 em Manaus foi mais dura no estrato mais pobre da cidade, enquanto o grupo mais rico foi mais afetado na segunda onda. Ou seja, \u00e9 como se a cidade tivesse tido duas \u201cprimeiras ondas\u201d em popula\u00e7\u00f5es diferentes, diz Lacerda.<\/p>\n\n\n\n<p>Para Sabino e seus colegas, todas essas hip\u00f3teses n\u00e3o s\u00e3o mutualmente excludentes, podem ocorrer simultaneamente. \u201cO aumento abrupto no n\u00famero de interna\u00e7\u00f5es hospitalares em Manaus durante janeiro de 2021 \u00e9 inesperado e preocupante\u201d, escreveu a pesquisadora.<\/p>\n\n\n\n<p>Como a interfer\u00eancia da P.1 \u00e9 uma suspeita muito forte sobre o que ocorreu na cidade, a Fiocruz j\u00e1 est\u00e1 buscando uma maneira mais f\u00e1cil de monitorar a dissemina\u00e7\u00e3o dessa variedade do v\u00edrus: uma vers\u00e3o do exame diagn\u00f3stico de Covid-19 do tipo RT-PCR que seja capaz de diferenciar essa cepa de outras. Isso dispensaria a necessidade de sequenciamento gen\u00e9tico para identificar o v\u00edrus. A estimativa de 91% de participa\u00e7\u00e3o que a P.1 tem na epidemia de Manaus foi feita com base em apenas 35 amostras (32 estavam positivas).<\/p>\n\n\n\n<p>Um outro trabalho importante da Fiocruz, neste caso no Rio, \u00e9 avaliar se a imunidade desencadeada pelas vacinas de Covid-19 \u00e9 capaz de neutralizar o P.1. Para isso \u00e9 preciso usar soro do sangue de pessoas vacinadas com a CoronaVac e a vacina Oxford\/AstraZeneca, as duas dispon\u00edveis no pa\u00eds.<\/p>\n\n\n\n<p>A vacina Pfizer\/BioNTech consegue imunizar as pessoas contra uma outra variante do coronav\u00edrus, B.1.1.7, que emergiu no Reino Unido e tamb\u00e9m parece ser mais transmiss\u00edvel. J\u00e1 a vacina da Moderna se mostrou resposta imunol\u00f3gica contra a variedade B1.351, que emergiu na \u00c1frica do Sul. \u00c9 preciso, ent\u00e3o, testar caso a caso.<\/p>\n\n\n\n<p>\u2014 Importante \u00e9 o foco na vacina\u00e7\u00e3o. O Brasil precisa hoje estar 100% empenhado em vacinar \u2014 diz Lacerda.<\/p>\n\n\n\n<p><strong>Hospital para nova cepa<\/strong><\/p>\n\n\n\n<p>A Secretaria de Sa\u00fade da capital paulista decidiu concentrar no Hospital Municipal de Pirituba, na zona norte, pacientes infectados ou com suspeita de infec\u00e7\u00e3o pela variante P.1. Quatro pacientes vindos de Manaus j\u00e1 est\u00e3o internados na unidade. Apenas uma paciente de 61 anos j\u00e1 teve confirma\u00e7\u00e3o de ter sido infectada pela nova cepa. Os outros tr\u00eas ainda aguardam os resultados do sequenciamento gen\u00e9tico do v\u00edrus pelo Instituto Adolfo Lutz.<\/p>\n\n\n\n<p>ClickPB<\/p>\n","protected":false},"excerpt":{"rendered":"<p>A nova cepa do coronav\u00edrus, encontrada inicialmente em Manaus, j\u00e1 est\u00e1 em 91% das amostras de v\u00edrus sequenciadas no Amazonas e pode ter sabotado a&hellip; <\/p>\n","protected":false},"author":6,"featured_media":204590,"comment_status":"closed","ping_status":"closed","sticky":false,"template":"","format":"standard","meta":{"sfsi_plus_gutenberg_text_before_share":"","sfsi_plus_gutenberg_show_text_before_share":"","sfsi_plus_gutenberg_icon_type":"","sfsi_plus_gutenberg_icon_alignemt":"","sfsi_plus_gutenburg_max_per_row":"","footnotes":""},"categories":[50],"tags":[],"class_list":["post-204589","post","type-post","status-publish","format-standard","has-post-thumbnail","hentry","category-destaque"],"_links":{"self":[{"href":"https:\/\/www.caririemacao.com\/1\/wp-json\/wp\/v2\/posts\/204589","targetHints":{"allow":["GET"]}}],"collection":[{"href":"https:\/\/www.caririemacao.com\/1\/wp-json\/wp\/v2\/posts"}],"about":[{"href":"https:\/\/www.caririemacao.com\/1\/wp-json\/wp\/v2\/types\/post"}],"author":[{"embeddable":true,"href":"https:\/\/www.caririemacao.com\/1\/wp-json\/wp\/v2\/users\/6"}],"replies":[{"embeddable":true,"href":"https:\/\/www.caririemacao.com\/1\/wp-json\/wp\/v2\/comments?post=204589"}],"version-history":[{"count":1,"href":"https:\/\/www.caririemacao.com\/1\/wp-json\/wp\/v2\/posts\/204589\/revisions"}],"predecessor-version":[{"id":204591,"href":"https:\/\/www.caririemacao.com\/1\/wp-json\/wp\/v2\/posts\/204589\/revisions\/204591"}],"wp:featuredmedia":[{"embeddable":true,"href":"https:\/\/www.caririemacao.com\/1\/wp-json\/wp\/v2\/media\/204590"}],"wp:attachment":[{"href":"https:\/\/www.caririemacao.com\/1\/wp-json\/wp\/v2\/media?parent=204589"}],"wp:term":[{"taxonomy":"category","embeddable":true,"href":"https:\/\/www.caririemacao.com\/1\/wp-json\/wp\/v2\/categories?post=204589"},{"taxonomy":"post_tag","embeddable":true,"href":"https:\/\/www.caririemacao.com\/1\/wp-json\/wp\/v2\/tags?post=204589"}],"curies":[{"name":"wp","href":"https:\/\/api.w.org\/{rel}","templated":true}]}}