{"id":204595,"date":"2021-01-29T16:22:16","date_gmt":"2021-01-29T19:22:16","guid":{"rendered":"https:\/\/www.caririemacao.com\/1\/?p=204595"},"modified":"2021-01-29T16:22:22","modified_gmt":"2021-01-29T19:22:22","slug":"secretaria-de-saude-de-monteiro-inicia-cronograma-de-vacinacao-para-idosos-acamados-acima-de-80-anos","status":"publish","type":"post","link":"https:\/\/www.caririemacao.com\/1\/2021\/01\/29\/secretaria-de-saude-de-monteiro-inicia-cronograma-de-vacinacao-para-idosos-acamados-acima-de-80-anos\/","title":{"rendered":"Secretaria de Sa\u00fade de Monteiro inicia cronograma de vacina\u00e7\u00e3o para idosos acamados acima de 80 anos"},"content":{"rendered":"\n<p>A Secretaria de Sa\u00fade do munic\u00edpio de Monteiro iniciou nesta quinta-feira (28) a vacina\u00e7\u00e3o contra o COVID-19, para os idosos acima de 80 anos que est\u00e3o em suas resid\u00eancias em situa\u00e7\u00e3o de acamados.<\/p>\n\n\n\n<p>Os profissionais de sa\u00fade que estar\u00e3o atendendo esses idosos elaboraram um plano de atendimento, que ser\u00e1 realizado de acordo com o cronograma das unidades de sa\u00fade. <\/p>\n\n\n\n<p>Ao todo, segundo levantamento da Aten\u00e7\u00e3o B\u00e1sica, cerca de 65 idosos acamados ser\u00e3o imunizados e acompanhados pelas suas unidades de sa\u00fade, respectivamente.Com esta visita, indo de casa em casa para a realiza\u00e7\u00e3o da vacina, n\u00e3o ser\u00e1 necess\u00e1rio o deslocamento do idoso ao posto de sa\u00fade.<\/p>\n\n\n\n<p> O cronograma iniciou na tarde desta quinta-feira e os primeiros idosos vacinados foram os que correspondem ao PSF 03, localizado no bairro do Matadouro.<\/p>\n\n\n\n<p>De acordo com o cronograma abaixo, a vacina\u00e7\u00e3o segue at\u00e9 o dia 10 de fevereiro, atendendo assim todos os idosos acima de 80 anos em situa\u00e7\u00e3o de acamados no munic\u00edpio. <\/p>\n\n\n\n<p>DATA UNIDADE SEGUNDA 01\/02\/2107:30 \u00c0S 11:00 13:00 AS 16:30 PSF 09TER\u00c7A 02\/02\/2107:30 \u00c0S 09:30 PSF 02TER\u00c7A 02\/02\/2109:30 \u00c0S 11:30 PSF 04TER\u00c7A 02\/02\/2113:30 \u00c0S 15:00 PSF 07TER\u00c7A 02\/02\/2115:00 \u00c0S 16:30 PSF 08QUARTA 03\/02\/2107:30 \u00c0S 09:30 PSF 12QUARTA 03\/02\/2109:30 \u00c0S 11:30 PSF 13QUINTA 04\/02\/2107:30 \u00c0S 11:30 PSF 01SEXTA 05\/02\/2107:30 \u00c0S 11:30 PSF 05SEGUNDA 08\/02\/2107:30 \u00c0S 11:30 PSF 06TER\u00c7A 09\/02\/2107:30 \u00c0S 11:30 PSF 10QUARTA 10\/02\/2107:30 \u00c0S 11:30 PSF 11<\/p>\n","protected":false},"excerpt":{"rendered":"<p>A Secretaria de Sa\u00fade do munic\u00edpio de Monteiro iniciou nesta quinta-feira (28) a vacina\u00e7\u00e3o contra o COVID-19, para os idosos acima de 80 anos que&hellip; <\/p>\n","protected":false},"author":6,"featured_media":204596,"comment_status":"closed","ping_status":"closed","sticky":false,"template":"","format":"standard","meta":{"sfsi_plus_gutenberg_text_before_share":"","sfsi_plus_gutenberg_show_text_before_share":"","sfsi_plus_gutenberg_icon_type":"","sfsi_plus_gutenberg_icon_alignemt":"","sfsi_plus_gutenburg_max_per_row":"","footnotes":""},"categories":[1],"tags":[],"class_list":["post-204595","post","type-post","status-publish","format-standard","has-post-thumbnail","hentry","category-o-site"],"_links":{"self":[{"href":"https:\/\/www.caririemacao.com\/1\/wp-json\/wp\/v2\/posts\/204595","targetHints":{"allow":["GET"]}}],"collection":[{"href":"https:\/\/www.caririemacao.com\/1\/wp-json\/wp\/v2\/posts"}],"about":[{"href":"https:\/\/www.caririemacao.com\/1\/wp-json\/wp\/v2\/types\/post"}],"author":[{"embeddable":true,"href":"https:\/\/www.caririemacao.com\/1\/wp-json\/wp\/v2\/users\/6"}],"replies":[{"embeddable":true,"href":"https:\/\/www.caririemacao.com\/1\/wp-json\/wp\/v2\/comments?post=204595"}],"version-history":[{"count":1,"href":"https:\/\/www.caririemacao.com\/1\/wp-json\/wp\/v2\/posts\/204595\/revisions"}],"predecessor-version":[{"id":204597,"href":"https:\/\/www.caririemacao.com\/1\/wp-json\/wp\/v2\/posts\/204595\/revisions\/204597"}],"wp:featuredmedia":[{"embeddable":true,"href":"https:\/\/www.caririemacao.com\/1\/wp-json\/wp\/v2\/media\/204596"}],"wp:attachment":[{"href":"https:\/\/www.caririemacao.com\/1\/wp-json\/wp\/v2\/media?parent=204595"}],"wp:term":[{"taxonomy":"category","embeddable":true,"href":"https:\/\/www.caririemacao.com\/1\/wp-json\/wp\/v2\/categories?post=204595"},{"taxonomy":"post_tag","embeddable":true,"href":"https:\/\/www.caririemacao.com\/1\/wp-json\/wp\/v2\/tags?post=204595"}],"curies":[{"name":"wp","href":"https:\/\/api.w.org\/{rel}","templated":true}]}}