{"id":204598,"date":"2021-01-30T06:20:00","date_gmt":"2021-01-30T09:20:00","guid":{"rendered":"https:\/\/www.caririemacao.com\/1\/?p=204598"},"modified":"2021-01-30T06:20:03","modified_gmt":"2021-01-30T09:20:03","slug":"sume-registra-14-casos-positivos-para-coronavirus-e-09-recuperados-nesta-sexta-feira-29","status":"publish","type":"post","link":"https:\/\/www.caririemacao.com\/1\/2021\/01\/30\/sume-registra-14-casos-positivos-para-coronavirus-e-09-recuperados-nesta-sexta-feira-29\/","title":{"rendered":"Sum\u00e9 registra 14 casos positivos para coronav\u00edrus e 09 recuperados nesta sexta-feira, 29"},"content":{"rendered":"\n<p>A Secretaria Municipal de Sa\u00fade de Sum\u00e9 registrou 14 casos positivos para o coronav\u00edrus sexta-feira, 29.<\/p>\n\n\n\n<p>1\u00ba caso: sexo feminino, 25 anos, sem comorbidades, Alto Alegre;<\/p>\n\n\n\n<p>2\u00ba caso: sexo feminino, 29 anos, sem comorbidades, Alvorada;<\/p>\n\n\n\n<p>3\u00ba caso: sexo feminino, 27 anos, sem comorbidades, Alto do Jorge;<\/p>\n\n\n\n<p>4\u00ba caso: sexo feminino, 87 anos, com comorbidades, Pedregal;<\/p>\n\n\n\n<p>5\u00ba caso: sexo feminino, 76 anos, com comorbidades, Centro;<\/p>\n\n\n\n<p>6\u00ba caso: sexo feminino, 60 anos, sem comorbidades, Alto Alegre;<\/p>\n\n\n\n<p>7\u00ba caso: sexo feminino, 48 anos, sem comorbidades, Alto do Jorge;<\/p>\n\n\n\n<p>8\u00ba caso: sexo masculino, 56 anos, com comorbidades, Alto Alegre;<\/p>\n\n\n\n<p>9\u00ba caso: sexo masculino, 75 anos, com comorbidades, Alto Alegre;<\/p>\n\n\n\n<p>10\u00ba caso: sexo masculino, 40 anos, sem comorbidades, Alto Alegre;<\/p>\n\n\n\n<p>11\u00ba caso: sexo masculino, 62 anos, com comorbidades, Pedregal;<\/p>\n\n\n\n<p>12\u00ba caso: sexo masculino, 28 anos, sem comorbidades, Santa Rosa;<\/p>\n\n\n\n<p>13\u00ba caso: sexo masculino, 54 anos, com comorbidades, Centro;<\/p>\n\n\n\n<p>14\u00ba caso: sexo masculino, 42 anos, sem comorbidades, Zona Rural.<\/p>\n\n\n\n<p>Foram registrados 09 casos recuperados na data de hoje.<\/p>\n\n\n\n<p>Ao perceber sintomas da Covid-19, n\u00e3o espere, procure uma Unidade de Sa\u00fade e solicite o atendimento precoce.<\/p>\n\n\n\n<p>Ascom PMS<\/p>\n","protected":false},"excerpt":{"rendered":"<p>A Secretaria Municipal de Sa\u00fade de Sum\u00e9 registrou 14 casos positivos para o coronav\u00edrus sexta-feira, 29. 1\u00ba caso: sexo feminino, 25 anos, sem comorbidades, Alto&hellip; <\/p>\n","protected":false},"author":6,"featured_media":204599,"comment_status":"closed","ping_status":"closed","sticky":false,"template":"","format":"standard","meta":{"sfsi_plus_gutenberg_text_before_share":"","sfsi_plus_gutenberg_show_text_before_share":"","sfsi_plus_gutenberg_icon_type":"","sfsi_plus_gutenberg_icon_alignemt":"","sfsi_plus_gutenburg_max_per_row":"","footnotes":""},"categories":[50,95],"tags":[],"class_list":["post-204598","post","type-post","status-publish","format-standard","has-post-thumbnail","hentry","category-destaque","category-sume"],"_links":{"self":[{"href":"https:\/\/www.caririemacao.com\/1\/wp-json\/wp\/v2\/posts\/204598","targetHints":{"allow":["GET"]}}],"collection":[{"href":"https:\/\/www.caririemacao.com\/1\/wp-json\/wp\/v2\/posts"}],"about":[{"href":"https:\/\/www.caririemacao.com\/1\/wp-json\/wp\/v2\/types\/post"}],"author":[{"embeddable":true,"href":"https:\/\/www.caririemacao.com\/1\/wp-json\/wp\/v2\/users\/6"}],"replies":[{"embeddable":true,"href":"https:\/\/www.caririemacao.com\/1\/wp-json\/wp\/v2\/comments?post=204598"}],"version-history":[{"count":1,"href":"https:\/\/www.caririemacao.com\/1\/wp-json\/wp\/v2\/posts\/204598\/revisions"}],"predecessor-version":[{"id":204600,"href":"https:\/\/www.caririemacao.com\/1\/wp-json\/wp\/v2\/posts\/204598\/revisions\/204600"}],"wp:featuredmedia":[{"embeddable":true,"href":"https:\/\/www.caririemacao.com\/1\/wp-json\/wp\/v2\/media\/204599"}],"wp:attachment":[{"href":"https:\/\/www.caririemacao.com\/1\/wp-json\/wp\/v2\/media?parent=204598"}],"wp:term":[{"taxonomy":"category","embeddable":true,"href":"https:\/\/www.caririemacao.com\/1\/wp-json\/wp\/v2\/categories?post=204598"},{"taxonomy":"post_tag","embeddable":true,"href":"https:\/\/www.caririemacao.com\/1\/wp-json\/wp\/v2\/tags?post=204598"}],"curies":[{"name":"wp","href":"https:\/\/api.w.org\/{rel}","templated":true}]}}