{"id":204601,"date":"2021-01-30T06:26:19","date_gmt":"2021-01-30T09:26:19","guid":{"rendered":"https:\/\/www.caririemacao.com\/1\/?p=204601"},"modified":"2021-01-30T06:26:21","modified_gmt":"2021-01-30T09:26:21","slug":"secretaria-de-saude-de-monteiro-divulga-boletim-oficial-sobre-covid-desta-sexta-feira-2","status":"publish","type":"post","link":"https:\/\/www.caririemacao.com\/1\/2021\/01\/30\/secretaria-de-saude-de-monteiro-divulga-boletim-oficial-sobre-covid-desta-sexta-feira-2\/","title":{"rendered":"Secretaria de Sa\u00fade de Monteiro divulga boletim oficial sobre covid desta sexta-feira"},"content":{"rendered":"\n<p>Nota Informativa\u00a0\u00a0Atualizada em 29\/01\/2021<\/p>\n\n\n\n<p><br>A Secretaria Municipal de Sa\u00fade de Monteiro informa que nesta Sexta-feira, 29, tivemos mais 36 novos casos CONFIRMADOS para Covid-19.<br>Sendo 20 (vinte) casos de 02, duas pacientes de 22 anos, 25, 32, 39, 41, duas pacientes de 46 anos, 47, 50, tr\u00eas pacientes de 51 anos, 52, 58, 74, 80, 84 e 85 anos de idade, sexo feminino e 16 (dezesseis) casos de 12, 14, 22, 23,24, 25, 28, 32, 35, 36, 48, 51, 52, 57, 63 e 75 anos de vida. Foram orientados a realizar o isolamento domiciliar e est\u00e3o sendo monitorados pela equipe de Vigil\u00e2ncia em Sa\u00fade e Unidades B\u00e1sicas de Sa\u00fade do Munic\u00edpio.\u00a0<\/p>\n\n\n\n<p><br>Totalizamos at\u00e9 esta data 14 (catorze) pacientes internos, sendo 02 (dois) pacientes no Hospital das Cl\u00ednicas, 09 (nove) pacientes no Hospital Pedro I e 01 (um) paciente no Hospital de Trauma, todos em Campina Grande e 02 (dois) pacientes no Hospital da Unimed, em Jo\u00e3o Pessoa, todos em quadro est\u00e1veis.<\/p>\n\n\n\n<p><br>Atestamos que nesta data foram registrados mais 18 (dezoito) novos casos recuperados, totalizando 1797 casos recuperados da COVID-19.<br>&#x26a0;Refor\u00e7amos a import\u00e2ncia de toda popula\u00e7\u00e3o seguir as orienta\u00e7\u00f5es do distanciamento social, o uso de m\u00e1scaras, a higieniza\u00e7\u00e3o das m\u00e3os com \u00e1lcool 70% e demais medidas apresentadas pela Secretaria de Sa\u00fade.<\/p>\n","protected":false},"excerpt":{"rendered":"<p>Nota Informativa\u00a0\u00a0Atualizada em 29\/01\/2021 A Secretaria Municipal de Sa\u00fade de Monteiro informa que nesta Sexta-feira, 29, tivemos mais 36 novos casos CONFIRMADOS para Covid-19.Sendo 20&hellip; <\/p>\n","protected":false},"author":6,"featured_media":204602,"comment_status":"closed","ping_status":"closed","sticky":false,"template":"","format":"standard","meta":{"sfsi_plus_gutenberg_text_before_share":"","sfsi_plus_gutenberg_show_text_before_share":"","sfsi_plus_gutenberg_icon_type":"","sfsi_plus_gutenberg_icon_alignemt":"","sfsi_plus_gutenburg_max_per_row":"","footnotes":""},"categories":[50,81],"tags":[],"class_list":["post-204601","post","type-post","status-publish","format-standard","has-post-thumbnail","hentry","category-destaque","category-monteiro"],"_links":{"self":[{"href":"https:\/\/www.caririemacao.com\/1\/wp-json\/wp\/v2\/posts\/204601","targetHints":{"allow":["GET"]}}],"collection":[{"href":"https:\/\/www.caririemacao.com\/1\/wp-json\/wp\/v2\/posts"}],"about":[{"href":"https:\/\/www.caririemacao.com\/1\/wp-json\/wp\/v2\/types\/post"}],"author":[{"embeddable":true,"href":"https:\/\/www.caririemacao.com\/1\/wp-json\/wp\/v2\/users\/6"}],"replies":[{"embeddable":true,"href":"https:\/\/www.caririemacao.com\/1\/wp-json\/wp\/v2\/comments?post=204601"}],"version-history":[{"count":1,"href":"https:\/\/www.caririemacao.com\/1\/wp-json\/wp\/v2\/posts\/204601\/revisions"}],"predecessor-version":[{"id":204603,"href":"https:\/\/www.caririemacao.com\/1\/wp-json\/wp\/v2\/posts\/204601\/revisions\/204603"}],"wp:featuredmedia":[{"embeddable":true,"href":"https:\/\/www.caririemacao.com\/1\/wp-json\/wp\/v2\/media\/204602"}],"wp:attachment":[{"href":"https:\/\/www.caririemacao.com\/1\/wp-json\/wp\/v2\/media?parent=204601"}],"wp:term":[{"taxonomy":"category","embeddable":true,"href":"https:\/\/www.caririemacao.com\/1\/wp-json\/wp\/v2\/categories?post=204601"},{"taxonomy":"post_tag","embeddable":true,"href":"https:\/\/www.caririemacao.com\/1\/wp-json\/wp\/v2\/tags?post=204601"}],"curies":[{"name":"wp","href":"https:\/\/api.w.org\/{rel}","templated":true}]}}