{"id":204604,"date":"2021-01-30T06:28:30","date_gmt":"2021-01-30T09:28:30","guid":{"rendered":"https:\/\/www.caririemacao.com\/1\/?p=204604"},"modified":"2021-01-30T06:28:32","modified_gmt":"2021-01-30T09:28:32","slug":"prefeito-em-exercicio-bira-mariano-enaltece-maratona-legislativa-de-camalau-e-apoia-que-evento-seja-implantado-no-calendario-politico-do-municipio","status":"publish","type":"post","link":"https:\/\/www.caririemacao.com\/1\/2021\/01\/30\/prefeito-em-exercicio-bira-mariano-enaltece-maratona-legislativa-de-camalau-e-apoia-que-evento-seja-implantado-no-calendario-politico-do-municipio\/","title":{"rendered":"Prefeito em exerc\u00edcio Bira Mariano enaltece Maratona Legislativa de Camala\u00fa e apoia que evento seja implantado no calend\u00e1rio pol\u00edtico do munic\u00edpio"},"content":{"rendered":"\n<p>O prefeito interino do munic\u00edpio de Camala\u00fa Bira Mariano, participou na noite desta sexta feira do evento de encerramento da 1\u00aa MARATONA LEGISLATIVA DE CAMALA\u00da.<\/p>\n\n\n\n<p>O evento foi promovido de forma pioneira pela atual presidencia da C\u00e2mara local, e contou com todo o apoio e incentivo da gest\u00e3o municipal, em virtude de sua importancia.<\/p>\n\n\n\n<p>\u201cO Parlamento \u00e9 a base de todos os poderes, tanto a nivel nacional, quanto estadual e principalmente municipal. \u00c9 a representa\u00e7\u00e3o com mandato que est\u00e1 mais pr\u00f3xima do povo, principalmente em uma cidade menor como Camala\u00fa\u201d, destacou o prefeito.<\/p>\n\n\n\n<p>\u201cParabenizo a C\u00e2mara pela iniciativa. Que se torne parte do calend\u00e1rio de eventos pol\u00edticos de nossa cidade.Que a maratona possa se tornar em breve um evento regional, e que esta id\u00e9ia possa crescer, pois \u00e9 de suma importancia\u201d, elogiou o prefeito Bira, que participou da entrega de certificados aos funcion\u00e1rios e vereadores participantes do evento.<\/p>\n\n\n\n<p>F\u00e1bio Brito<\/p>\n","protected":false},"excerpt":{"rendered":"<p>O prefeito interino do munic\u00edpio de Camala\u00fa Bira Mariano, participou na noite desta sexta feira do evento de encerramento da 1\u00aa MARATONA LEGISLATIVA DE CAMALA\u00da.&hellip; <\/p>\n","protected":false},"author":6,"featured_media":204605,"comment_status":"closed","ping_status":"closed","sticky":false,"template":"","format":"standard","meta":{"sfsi_plus_gutenberg_text_before_share":"","sfsi_plus_gutenberg_show_text_before_share":"","sfsi_plus_gutenberg_icon_type":"","sfsi_plus_gutenberg_icon_alignemt":"","sfsi_plus_gutenburg_max_per_row":"","footnotes":""},"categories":[71,50],"tags":[],"class_list":["post-204604","post","type-post","status-publish","format-standard","has-post-thumbnail","hentry","category-camalau","category-destaque"],"_links":{"self":[{"href":"https:\/\/www.caririemacao.com\/1\/wp-json\/wp\/v2\/posts\/204604","targetHints":{"allow":["GET"]}}],"collection":[{"href":"https:\/\/www.caririemacao.com\/1\/wp-json\/wp\/v2\/posts"}],"about":[{"href":"https:\/\/www.caririemacao.com\/1\/wp-json\/wp\/v2\/types\/post"}],"author":[{"embeddable":true,"href":"https:\/\/www.caririemacao.com\/1\/wp-json\/wp\/v2\/users\/6"}],"replies":[{"embeddable":true,"href":"https:\/\/www.caririemacao.com\/1\/wp-json\/wp\/v2\/comments?post=204604"}],"version-history":[{"count":1,"href":"https:\/\/www.caririemacao.com\/1\/wp-json\/wp\/v2\/posts\/204604\/revisions"}],"predecessor-version":[{"id":204606,"href":"https:\/\/www.caririemacao.com\/1\/wp-json\/wp\/v2\/posts\/204604\/revisions\/204606"}],"wp:featuredmedia":[{"embeddable":true,"href":"https:\/\/www.caririemacao.com\/1\/wp-json\/wp\/v2\/media\/204605"}],"wp:attachment":[{"href":"https:\/\/www.caririemacao.com\/1\/wp-json\/wp\/v2\/media?parent=204604"}],"wp:term":[{"taxonomy":"category","embeddable":true,"href":"https:\/\/www.caririemacao.com\/1\/wp-json\/wp\/v2\/categories?post=204604"},{"taxonomy":"post_tag","embeddable":true,"href":"https:\/\/www.caririemacao.com\/1\/wp-json\/wp\/v2\/tags?post=204604"}],"curies":[{"name":"wp","href":"https:\/\/api.w.org\/{rel}","templated":true}]}}