{"id":204607,"date":"2021-01-30T06:30:25","date_gmt":"2021-01-30T09:30:25","guid":{"rendered":"https:\/\/www.caririemacao.com\/1\/?p=204607"},"modified":"2021-01-30T06:30:28","modified_gmt":"2021-01-30T09:30:28","slug":"camara-de-camalau-encerra-1a-maratona-legislativa-do-municipio-com-entrega-de-certificados","status":"publish","type":"post","link":"https:\/\/www.caririemacao.com\/1\/2021\/01\/30\/camara-de-camalau-encerra-1a-maratona-legislativa-do-municipio-com-entrega-de-certificados\/","title":{"rendered":"C\u00e2mara de Camala\u00fa encerra 1\u00aa MARATONA LEGISLATIVA do munic\u00edpio com entrega de certificados"},"content":{"rendered":"\n<figure class=\"wp-block-image\"><a href=\"https:\/\/1.bp.blogspot.com\/-BFJjlUROfRQ\/YBSWbZy648I\/AAAAAAAALUM\/3Qye7GrWBTcTNlkxl2NeyYLnjJzLOMR9gCLcBGAsYHQ\/s1032\/camalau2.jpg\"><img decoding=\"async\" data-src=\"https:\/\/1.bp.blogspot.com\/-BFJjlUROfRQ\/YBSWbZy648I\/AAAAAAAALUM\/3Qye7GrWBTcTNlkxl2NeyYLnjJzLOMR9gCLcBGAsYHQ\/w400-h225\/camalau2.jpg\" alt=\"camalau2\" title=\"camalau2\" src=\"data:image\/svg+xml;base64,PHN2ZyB3aWR0aD0iMSIgaGVpZ2h0PSIxIiB4bWxucz0iaHR0cDovL3d3dy53My5vcmcvMjAwMC9zdmciPjwvc3ZnPg==\" class=\"lazyload\" \/><\/a><\/figure>\n\n\n\n<figure class=\"wp-block-image\"><a href=\"https:\/\/1.bp.blogspot.com\/-TLZGeiw8AAM\/YBSWbnXoBiI\/AAAAAAAALUQ\/xeJamV3cYhM0LdUhbjKw9CE8Ycdl3MSxgCLcBGAsYHQ\/s1158\/camalau3.jpg\"><img decoding=\"async\" data-src=\"https:\/\/1.bp.blogspot.com\/-TLZGeiw8AAM\/YBSWbnXoBiI\/AAAAAAAALUQ\/xeJamV3cYhM0LdUhbjKw9CE8Ycdl3MSxgCLcBGAsYHQ\/w400-h225\/camalau3.jpg\" alt=\"camalau3\" title=\"camalau3\" src=\"data:image\/svg+xml;base64,PHN2ZyB3aWR0aD0iMSIgaGVpZ2h0PSIxIiB4bWxucz0iaHR0cDovL3d3dy53My5vcmcvMjAwMC9zdmciPjwvc3ZnPg==\" class=\"lazyload\" \/><\/a><\/figure>\n\n\n\n<p>Foi encerrada na noite desta sexta feira, 29, a 1\u00aa Maratona Legislativa de Camala\u00fa, evento realizado durante 04 dias e promovido pela C\u00e2mara Municipal, com o apoio total da Prefeitura Municipal.<\/p>\n\n\n\n<p>De acordo com o Presidente da C\u00e2mara Municipal vereador C\u00e9lio M\u00f4co, o evento surgiu da necessidade de capacitar os novos legisladores que chegam a cada madato na Casa Legislativa, e as dificuldades que ele pr\u00f3prio sentiu h\u00e1 04 anos atr\u00e1s, no in\u00edcio de seu 1\u00ba mandato.<\/p>\n\n\n\n<p>A 1\u00aa Maratona Legislativa foi mediada pelo professor Ant\u00f4nio Mariano Sobrinho, e contou com a participa\u00e7\u00e3o de nomes como os dos advogados Edvaldo Bezerra e Dr. Miguel, que faz parte da equipe jur\u00eddica do munic\u00edpio.<\/p>\n\n\n\n<p>O evento abordou a hist\u00f3ria do munic\u00edpio de Camala\u00fa, com enfase na hist\u00f3ria do Poder legislativo municipal, mas tamb\u00e9m abordou assuntos como: Lei Org\u00e2nica,Regimento Interno, elabora\u00e7\u00e3o de Projetos de Lei e Requerimentos, \u00c9tica Parlamentar entre outros, com o tema: SER OU- SER VEREADOR, EIS A QUEST\u00c3O&#8230;..<\/p>\n\n\n\n<p>A 1\u00aa Maratona Legislativa foi encerrada no pr\u00e9dio da C\u00e2mara Municipal, com a entrega dos certificados aos participantes, e a presen\u00e7a dos vereadors participantes, do prefeito interino Bira Mariano, dos mediadores do evento, e da equipe de funcion\u00e1rios e colaboradores do poder legislativo camalauense.<\/p>\n\n\n\n<p>F\u00e1bio Brito<\/p>\n","protected":false},"excerpt":{"rendered":"<p>Foi encerrada na noite desta sexta feira, 29, a 1\u00aa Maratona Legislativa de Camala\u00fa, evento realizado durante 04 dias e promovido pela C\u00e2mara Municipal, com&hellip; <\/p>\n","protected":false},"author":6,"featured_media":204608,"comment_status":"closed","ping_status":"closed","sticky":false,"template":"","format":"standard","meta":{"sfsi_plus_gutenberg_text_before_share":"","sfsi_plus_gutenberg_show_text_before_share":"","sfsi_plus_gutenberg_icon_type":"","sfsi_plus_gutenberg_icon_alignemt":"","sfsi_plus_gutenburg_max_per_row":"","footnotes":""},"categories":[71,50],"tags":[],"class_list":["post-204607","post","type-post","status-publish","format-standard","has-post-thumbnail","hentry","category-camalau","category-destaque"],"_links":{"self":[{"href":"https:\/\/www.caririemacao.com\/1\/wp-json\/wp\/v2\/posts\/204607","targetHints":{"allow":["GET"]}}],"collection":[{"href":"https:\/\/www.caririemacao.com\/1\/wp-json\/wp\/v2\/posts"}],"about":[{"href":"https:\/\/www.caririemacao.com\/1\/wp-json\/wp\/v2\/types\/post"}],"author":[{"embeddable":true,"href":"https:\/\/www.caririemacao.com\/1\/wp-json\/wp\/v2\/users\/6"}],"replies":[{"embeddable":true,"href":"https:\/\/www.caririemacao.com\/1\/wp-json\/wp\/v2\/comments?post=204607"}],"version-history":[{"count":1,"href":"https:\/\/www.caririemacao.com\/1\/wp-json\/wp\/v2\/posts\/204607\/revisions"}],"predecessor-version":[{"id":204609,"href":"https:\/\/www.caririemacao.com\/1\/wp-json\/wp\/v2\/posts\/204607\/revisions\/204609"}],"wp:featuredmedia":[{"embeddable":true,"href":"https:\/\/www.caririemacao.com\/1\/wp-json\/wp\/v2\/media\/204608"}],"wp:attachment":[{"href":"https:\/\/www.caririemacao.com\/1\/wp-json\/wp\/v2\/media?parent=204607"}],"wp:term":[{"taxonomy":"category","embeddable":true,"href":"https:\/\/www.caririemacao.com\/1\/wp-json\/wp\/v2\/categories?post=204607"},{"taxonomy":"post_tag","embeddable":true,"href":"https:\/\/www.caririemacao.com\/1\/wp-json\/wp\/v2\/tags?post=204607"}],"curies":[{"name":"wp","href":"https:\/\/api.w.org\/{rel}","templated":true}]}}