{"id":20461,"date":"2017-05-26T00:02:12","date_gmt":"2017-05-26T03:02:12","guid":{"rendered":"http:\/\/caririemacao.com\/1\/?p=20461"},"modified":"2017-05-26T00:02:12","modified_gmt":"2017-05-26T03:02:12","slug":"prefeitura-de-prata-vacina-contra-a-influenza","status":"publish","type":"post","link":"https:\/\/www.caririemacao.com\/1\/2017\/05\/26\/prefeitura-de-prata-vacina-contra-a-influenza\/","title":{"rendered":"Prefeitura de Prata vacina contra a Influenza"},"content":{"rendered":"<p>A Prefeitura de Prata, atrav\u00e9s da Secretaria de Sa\u00fade, realizou campanha de vacina\u00e7\u00e3o contra o v\u00edrus da Influenza. Para a secret\u00e1ria de Sa\u00fade, Maria Aparecida, as campanhas demonstram que a preven\u00e7\u00e3o \u00e9 sempre a melhor forma de a\u00e7\u00e3o no combate \u00e0 doen\u00e7a.<\/p>\n<p>Maria Aparecida n\u00e3o perdeu a oportunidade de se imunizar. \u201cFico muito satisfeita em participar dessa mobiliza\u00e7\u00e3o, e ver que a comunidade atendeu ao chamado da secretaria de sa\u00fade e est\u00e3o vindo se imunizar contra a gripe\u201d, disse.<\/p>\n<p>\u201cPrecisamos nos prevenir e a vacina da gripe nos imuniza contra outras vulnerabilidades do nosso corpo. Portanto, \u00e9 necess\u00e1rio que a popula\u00e7\u00e3o alvo da campanha como eu, participe e se vacine\u201d, comentou.<\/p>\n<p><strong>CARIRI EM A\u00c7\u00c3O<\/strong><\/p>\n<p>Ascom\/Foto: Reprodu\u00e7\u00e3o<\/p>\n<p><strong>Leia mais not\u00edcias em\u00a0<\/strong><a href=\"http:\/\/www.caririemacao.com\/\"><strong>caririemacao.com<\/strong><\/a><strong>, siga nossa p\u00e1gina no\u00a0<\/strong><a href=\"https:\/\/www.facebook.com\/CaririEmAcao\/?ref=aymt_homepage_panel\"><strong>Facebook<\/strong><\/a><strong>\u00a0e\u00a0<a href=\"https:\/\/www.instagram.com\/cariri_em_acao\/?hl=pt-br\">Instagram<\/a>\u00a0veja nossas mat\u00e9rias e fotos. Voc\u00ea tamb\u00e9m pode enviar informa\u00e7\u00f5es \u00e0 Reda\u00e7\u00e3o do Portal Cariri em A\u00e7\u00e3o pelo WhatsApp (83) 9 9634.5791, (83) 9 9601-1162.<\/strong><\/p>\n","protected":false},"excerpt":{"rendered":"<p>A Prefeitura de Prata, atrav\u00e9s da Secretaria de Sa\u00fade, realizou campanha de vacina\u00e7\u00e3o contra o v\u00edrus da Influenza. Para a secret\u00e1ria de Sa\u00fade, Maria Aparecida,&hellip; <\/p>\n","protected":false},"author":2,"featured_media":20465,"comment_status":"closed","ping_status":"closed","sticky":false,"template":"","format":"standard","meta":{"sfsi_plus_gutenberg_text_before_share":"","sfsi_plus_gutenberg_show_text_before_share":"","sfsi_plus_gutenberg_icon_type":"","sfsi_plus_gutenberg_icon_alignemt":"","sfsi_plus_gutenburg_max_per_row":"","footnotes":""},"categories":[16],"tags":[],"class_list":["post-20461","post","type-post","status-publish","format-standard","has-post-thumbnail","hentry","category-saude"],"_links":{"self":[{"href":"https:\/\/www.caririemacao.com\/1\/wp-json\/wp\/v2\/posts\/20461","targetHints":{"allow":["GET"]}}],"collection":[{"href":"https:\/\/www.caririemacao.com\/1\/wp-json\/wp\/v2\/posts"}],"about":[{"href":"https:\/\/www.caririemacao.com\/1\/wp-json\/wp\/v2\/types\/post"}],"author":[{"embeddable":true,"href":"https:\/\/www.caririemacao.com\/1\/wp-json\/wp\/v2\/users\/2"}],"replies":[{"embeddable":true,"href":"https:\/\/www.caririemacao.com\/1\/wp-json\/wp\/v2\/comments?post=20461"}],"version-history":[{"count":0,"href":"https:\/\/www.caririemacao.com\/1\/wp-json\/wp\/v2\/posts\/20461\/revisions"}],"wp:featuredmedia":[{"embeddable":true,"href":"https:\/\/www.caririemacao.com\/1\/wp-json\/wp\/v2\/media\/20465"}],"wp:attachment":[{"href":"https:\/\/www.caririemacao.com\/1\/wp-json\/wp\/v2\/media?parent=20461"}],"wp:term":[{"taxonomy":"category","embeddable":true,"href":"https:\/\/www.caririemacao.com\/1\/wp-json\/wp\/v2\/categories?post=20461"},{"taxonomy":"post_tag","embeddable":true,"href":"https:\/\/www.caririemacao.com\/1\/wp-json\/wp\/v2\/tags?post=20461"}],"curies":[{"name":"wp","href":"https:\/\/api.w.org\/{rel}","templated":true}]}}