{"id":204610,"date":"2021-01-30T06:34:10","date_gmt":"2021-01-30T09:34:10","guid":{"rendered":"https:\/\/www.caririemacao.com\/1\/?p=204610"},"modified":"2021-01-30T06:34:12","modified_gmt":"2021-01-30T09:34:12","slug":"monteirense-de-100-anos-e-vacinada-contra-covid-19-em-recife","status":"publish","type":"post","link":"https:\/\/www.caririemacao.com\/1\/2021\/01\/30\/monteirense-de-100-anos-e-vacinada-contra-covid-19-em-recife\/","title":{"rendered":"Monteirense de 100 anos \u00e9 vacinada contra Covid-19 em Recife"},"content":{"rendered":"\n<p><em>Maura Rafael de Andrade fez anivers\u00e1rio em 15 de janeiro e teve que adiar a celebra\u00e7\u00e3o do seu centen\u00e1rio por causa da pandemia. Ela recebeu a dose, nesta sexta, 29, em Recife.<\/em><\/p>\n\n\n\n<p><img fetchpriority=\"high\" decoding=\"async\" width=\"799\" height=\"450\" src=\"https:\/\/i0.wp.com\/www.vitrinedocariri.com.br\/wp-content\/uploads\/2021\/01\/maura_monteiro_pb.jpeg?resize=984%2C554&amp;ssl=1\" alt=\"\"><\/p>\n\n\n\n<p id=\"caption-attachment-90159\">Maura Andrade se vacinou contra a Covid-19 no Gerald\u00e3o, Zona Sul do Recife \u2014 Foto: Pedro Alves\/G1<\/p>\n\n\n\n<p>\u201cSinto muita saudade de ver minhas amigas. De sair, de receber gente em casa. Aqui, no Recife, tenho muitos amigos. O que me d\u00f3i mais \u00e9 n\u00e3o poder v\u00ea-los, mas a vida \u00e9 para se viver, s\u00f3 que o povo s\u00f3 quer escolher. A gente n\u00e3o escolhe, o que aparecer a gente agarra\u201d.<\/p>\n\n\n\n<p>L\u00facida e praticante de gin\u00e1stica, dan\u00e7a e bordado, ela n\u00e3o conseguiu celebrar o centen\u00e1rio de vida do jeito que gostaria, com os filhos, netos e bisnetos, por causa da pandemia. Ela tomou a vacina nesta sexta-feira, dia 29, duas semanas ap\u00f3s o seu anivers\u00e1rio, e apesar de n\u00e3o ter festa, considera a vacina como um dos maiores presentes que j\u00e1 recebeu. \u201cMe sinto muito bem. Tudo vem sempre para melhor. Foi um presente\u201d, disse.<\/p>\n\n\n\n<p>Dona Maura fez 100 anos no dia 15 de janeiro. Natural de Monteiro, na Para\u00edba ela morou em Pernambuco e no Rio de Janeiro, com o marido. Vi\u00fava, atualmente, reside em Recife, com os filhos.<\/p>\n\n\n\n<p>Os familiares dela agendaram a vacina\u00e7\u00e3o para as 14h desta sexta, no Gerald\u00e3o, na Imbiribeira, Zona Sul do Recife. Ela foi at\u00e9 o local com a cuidadora, Edilene Batista, e o filho, Roberto Andrade, e recebeu a dose sem sair do carro.<img decoding=\"async\" data-src=\"https:\/\/i2.wp.com\/www.vitrinedocariri.com.br\/wp-content\/uploads\/2021\/01\/idosa.jpeg?resize=984%2C738&amp;ssl=1\" alt=\"\" width=\"799\" height=\"599\" src=\"data:image\/svg+xml;base64,PHN2ZyB3aWR0aD0iMSIgaGVpZ2h0PSIxIiB4bWxucz0iaHR0cDovL3d3dy53My5vcmcvMjAwMC9zdmciPjwvc3ZnPg==\" class=\"lazyload\" style=\"--smush-placeholder-width: 799px; --smush-placeholder-aspect-ratio: 799\/599;\"><\/p>\n\n\n\n<p id=\"caption-attachment-90160\">Idosa de 100 anos se vacinou contra a Covid-19 no Recife \u2014 Foto: Pedro Alves\/G1<\/p>\n\n\n\n<p>Animada, ela sempre gostou de receber amigos e viajar para a casa das filhas no Sudeste. Em 2020, entretanto, viu a vida virar do avesso com as restri\u00e7\u00f5es da pandemia e com a morte de um filho, devido a um infarto fulminante.<\/p>\n\n\n\n<p>\u201cPara mim, est\u00e1 sendo horr\u00edvel, porque est\u00e1 todo mundo preso. A gente trancado \u00e9 horr\u00edvel. Quando eu vinha para o Recife, sempre recebia muitas amigas, muitos familiares. Ia fazer minha festa de 100 anos, mas n\u00e3o pude, n\u00e3o teve condi\u00e7\u00f5es\u201d, disse.<br>Mesmo diante das dificuldades, dona Maura se apega ao esp\u00edrito festeiro e afetuoso que tem. Seu principal passatempo \u00e9 a dan\u00e7a, que ela garante praticar com a maior frequ\u00eancia poss\u00edvel.<\/p>\n\n\n\n<p>\u201cSe tiver uma festa e n\u00e3o tiver uma dan\u00e7a, eu nem vou. Comer, eu como em casa. Mas se tiver uma festa com dan\u00e7a, eu nem como, que nem d\u00e1 tempo, de tanto dan\u00e7ar. Dan\u00e7o de tudo. No meu tempo, eram dan\u00e7as chiques, uma valsa, dan\u00e7as cl\u00e1ssicas. Mas o que tiver eu dan\u00e7o\u201d, brincou.<img decoding=\"async\" data-src=\"https:\/\/i0.wp.com\/www.vitrinedocariri.com.br\/wp-content\/uploads\/2021\/01\/maura_de_monteiro.jpeg?resize=984%2C738&amp;ssl=1\" alt=\"\" width=\"799\" height=\"599\" src=\"data:image\/svg+xml;base64,PHN2ZyB3aWR0aD0iMSIgaGVpZ2h0PSIxIiB4bWxucz0iaHR0cDovL3d3dy53My5vcmcvMjAwMC9zdmciPjwvc3ZnPg==\" class=\"lazyload\" style=\"--smush-placeholder-width: 799px; --smush-placeholder-aspect-ratio: 799\/599;\"><\/p>\n\n\n\n<p id=\"caption-attachment-90161\">Maura Andrade, de 100 anos, e a cuidadora Edilene Batista, que exibe o cart\u00e3o de vacina\u00e7\u00e3o contra a Covid-19 \u2014 Foto: Pedro Alves\/G1<\/p>\n\n\n\n<p>A epidemiologista Vera Andrade, filha dela, n\u00e3o v\u00ea a m\u00e3e h\u00e1 um ano. Ela e os familiares se reuniram pela \u00faltima vez no in\u00edcio de 2020, para o anivers\u00e1rio de 99 anos da matriarca.<\/p>\n\n\n\n<p>Eles at\u00e9 chegaram a comprar as passagens de avi\u00e3o para vir ao Recife, para celebrar o centen\u00e1rio, mas, com a piora da pandemia, tudo precisou ser cancelado.<\/p>\n\n\n\n<p>\u201cNa cabe\u00e7a, ela tem 50 anos. Anda, dan\u00e7a, ama dan\u00e7ar. Organizamos f\u00e9rias para ir para a festa de 100 anos, mas a situa\u00e7\u00e3o ficou grave. Fizemos uma festa \u00e0 dist\u00e2ncia. Organizamos uma missa na casa dela, fizemos uma colet\u00e2nea com mais de 350 mensagens para ela ler num caderno e centenas de fotos para ela ver. Em todas, ela est\u00e1 com algu\u00e9m do lado, ou s\u00e3o fotos do meu pai e do meu irm\u00e3o. Foi muito emocionante\u201d, afirmou Vera Andrade.<\/p>\n\n\n\n<p>Cuidadora de dona Maura, Edilene Batista diz que a centen\u00e1ria \u00e9 uma boa companheira. \u201cEla n\u00e3o d\u00e1 trabalho. \u00c9 muito animada, faz tudo, gosta muito de dan\u00e7ar\u201d, disse.<\/p>\n\n\n\n<p>Com G1 Pb<\/p>\n","protected":false},"excerpt":{"rendered":"<p>Maura Rafael de Andrade fez anivers\u00e1rio em 15 de janeiro e teve que adiar a celebra\u00e7\u00e3o do seu centen\u00e1rio por causa da pandemia. Ela recebeu&hellip; <\/p>\n","protected":false},"author":6,"featured_media":204611,"comment_status":"closed","ping_status":"closed","sticky":false,"template":"","format":"standard","meta":{"sfsi_plus_gutenberg_text_before_share":"","sfsi_plus_gutenberg_show_text_before_share":"","sfsi_plus_gutenberg_icon_type":"","sfsi_plus_gutenberg_icon_alignemt":"","sfsi_plus_gutenburg_max_per_row":"","footnotes":""},"categories":[81],"tags":[],"class_list":["post-204610","post","type-post","status-publish","format-standard","has-post-thumbnail","hentry","category-monteiro"],"_links":{"self":[{"href":"https:\/\/www.caririemacao.com\/1\/wp-json\/wp\/v2\/posts\/204610","targetHints":{"allow":["GET"]}}],"collection":[{"href":"https:\/\/www.caririemacao.com\/1\/wp-json\/wp\/v2\/posts"}],"about":[{"href":"https:\/\/www.caririemacao.com\/1\/wp-json\/wp\/v2\/types\/post"}],"author":[{"embeddable":true,"href":"https:\/\/www.caririemacao.com\/1\/wp-json\/wp\/v2\/users\/6"}],"replies":[{"embeddable":true,"href":"https:\/\/www.caririemacao.com\/1\/wp-json\/wp\/v2\/comments?post=204610"}],"version-history":[{"count":1,"href":"https:\/\/www.caririemacao.com\/1\/wp-json\/wp\/v2\/posts\/204610\/revisions"}],"predecessor-version":[{"id":204612,"href":"https:\/\/www.caririemacao.com\/1\/wp-json\/wp\/v2\/posts\/204610\/revisions\/204612"}],"wp:featuredmedia":[{"embeddable":true,"href":"https:\/\/www.caririemacao.com\/1\/wp-json\/wp\/v2\/media\/204611"}],"wp:attachment":[{"href":"https:\/\/www.caririemacao.com\/1\/wp-json\/wp\/v2\/media?parent=204610"}],"wp:term":[{"taxonomy":"category","embeddable":true,"href":"https:\/\/www.caririemacao.com\/1\/wp-json\/wp\/v2\/categories?post=204610"},{"taxonomy":"post_tag","embeddable":true,"href":"https:\/\/www.caririemacao.com\/1\/wp-json\/wp\/v2\/tags?post=204610"}],"curies":[{"name":"wp","href":"https:\/\/api.w.org\/{rel}","templated":true}]}}