{"id":204613,"date":"2021-01-30T06:36:08","date_gmt":"2021-01-30T09:36:08","guid":{"rendered":"https:\/\/www.caririemacao.com\/1\/?p=204613"},"modified":"2021-01-30T06:36:10","modified_gmt":"2021-01-30T09:36:10","slug":"prefeitura-de-sao-joao-do-tigre-anuncia-pagamento-de-janeiro-dos-servidores","status":"publish","type":"post","link":"https:\/\/www.caririemacao.com\/1\/2021\/01\/30\/prefeitura-de-sao-joao-do-tigre-anuncia-pagamento-de-janeiro-dos-servidores\/","title":{"rendered":"Prefeitura de S\u00e3o Jo\u00e3o do Tigre anuncia pagamento de janeiro dos servidores"},"content":{"rendered":"\n<p>A Prefeitura de S\u00e3o Jo\u00e3o do Tigre anunciou nesta sexta-feira (29), o pagamento dos servidores municipais referente ao m\u00eas de janeiro, cumprindo com o compromisso com os servidores, marga registrada desde a gest\u00e3o do Prefeito C\u00e9lio Barbosa.<\/p>\n\n\n\n<p>\u201cPassando para informar que hoje dia 29\/01\/2021, a Prefeitura Municipal de S\u00e3o Jo\u00e3o do Tigre realizou o pagamento dos salarios de todos o servidores da edilidade referente ao m\u00eas de janeiro, inclusive todos os ter\u00e7o de f\u00e9rias dos profissionais da educa\u00e7\u00e3o.\u00a0O compromisso continua!!<br>Rumo ao futuro\u201d, anunciou o prefeito M\u00e1rcio Leite .<\/p>\n\n\n\n<p>Cariri da gente<\/p>\n","protected":false},"excerpt":{"rendered":"<p>A Prefeitura de S\u00e3o Jo\u00e3o do Tigre anunciou nesta sexta-feira (29), o pagamento dos servidores municipais referente ao m\u00eas de janeiro, cumprindo com o compromisso&hellip; <\/p>\n","protected":false},"author":6,"featured_media":204614,"comment_status":"closed","ping_status":"closed","sticky":false,"template":"","format":"standard","meta":{"sfsi_plus_gutenberg_text_before_share":"","sfsi_plus_gutenberg_show_text_before_share":"","sfsi_plus_gutenberg_icon_type":"","sfsi_plus_gutenberg_icon_alignemt":"","sfsi_plus_gutenburg_max_per_row":"","footnotes":""},"categories":[50,89],"tags":[],"class_list":["post-204613","post","type-post","status-publish","format-standard","has-post-thumbnail","hentry","category-destaque","category-sao-joao-do-tigre"],"_links":{"self":[{"href":"https:\/\/www.caririemacao.com\/1\/wp-json\/wp\/v2\/posts\/204613","targetHints":{"allow":["GET"]}}],"collection":[{"href":"https:\/\/www.caririemacao.com\/1\/wp-json\/wp\/v2\/posts"}],"about":[{"href":"https:\/\/www.caririemacao.com\/1\/wp-json\/wp\/v2\/types\/post"}],"author":[{"embeddable":true,"href":"https:\/\/www.caririemacao.com\/1\/wp-json\/wp\/v2\/users\/6"}],"replies":[{"embeddable":true,"href":"https:\/\/www.caririemacao.com\/1\/wp-json\/wp\/v2\/comments?post=204613"}],"version-history":[{"count":1,"href":"https:\/\/www.caririemacao.com\/1\/wp-json\/wp\/v2\/posts\/204613\/revisions"}],"predecessor-version":[{"id":204615,"href":"https:\/\/www.caririemacao.com\/1\/wp-json\/wp\/v2\/posts\/204613\/revisions\/204615"}],"wp:featuredmedia":[{"embeddable":true,"href":"https:\/\/www.caririemacao.com\/1\/wp-json\/wp\/v2\/media\/204614"}],"wp:attachment":[{"href":"https:\/\/www.caririemacao.com\/1\/wp-json\/wp\/v2\/media?parent=204613"}],"wp:term":[{"taxonomy":"category","embeddable":true,"href":"https:\/\/www.caririemacao.com\/1\/wp-json\/wp\/v2\/categories?post=204613"},{"taxonomy":"post_tag","embeddable":true,"href":"https:\/\/www.caririemacao.com\/1\/wp-json\/wp\/v2\/tags?post=204613"}],"curies":[{"name":"wp","href":"https:\/\/api.w.org\/{rel}","templated":true}]}}