{"id":204616,"date":"2021-01-30T06:38:02","date_gmt":"2021-01-30T09:38:02","guid":{"rendered":"https:\/\/www.caririemacao.com\/1\/?p=204616"},"modified":"2021-01-30T06:38:04","modified_gmt":"2021-01-30T09:38:04","slug":"paraiba-confirma-1-125-novos-casos-de-covid-19-e-11-obitos-nesta-sexta-feira","status":"publish","type":"post","link":"https:\/\/www.caririemacao.com\/1\/2021\/01\/30\/paraiba-confirma-1-125-novos-casos-de-covid-19-e-11-obitos-nesta-sexta-feira\/","title":{"rendered":"Para\u00edba confirma 1.125 novos casos de Covid-19 e 11 \u00f3bitos nesta sexta-feira"},"content":{"rendered":"\n<p>A Para\u00edba registrou, nesta sexta (29), 1.125 casos da Covid- 19. Tamb\u00e9m foram confirmados 11 novos \u00f3bitos desde a \u00faltima atualiza\u00e7\u00e3o, sendo 09 deles nas \u00faltimas 24h.\u00a0De acordo com o boletim epidemiol\u00f3gico divulgado pela Secretaria de Estado da Sa\u00fade ao\u00a0ClickPB\u00a0desde a \u00faltima atualiza\u00e7\u00e3o, 42 (3,73%) s\u00e3o casos de pacientes hospitalizados e 1.083 (96,27%) s\u00e3o leves.\u00a0<\/p>\n\n\n\n<p><strong>N\u00fameros Totais<\/strong>:<\/p>\n\n\n\n<ul class=\"wp-block-list\"><li>Casos Confirmados: 189.415<\/li><li>\u00d3bitos Confirmados: 4.036<\/li><li>Casos Recuperados: 138.950<\/li><li>Testes Realizados: 587.821<\/li><\/ul>\n\n\n\n<p>Agora, a Para\u00edba totaliza 189.415 casos confirmados da doen\u00e7a, que est\u00e3o distribu\u00eddos por todos os 223 munic\u00edpios. At\u00e9 o momento, 587.821 testes para diagn\u00f3stico da Covid-19 j\u00e1 foram realizados.<\/p>\n\n\n\n<p>Tamb\u00e9m foram confirmados 11 novos \u00f3bitos desde a \u00faltima atualiza\u00e7\u00e3o, sendo 09 deles nas \u00faltimas 24h. Os \u00f3bitos ocorreram entre os dias 21 e 29 de janeiro de 2021, sendo todos eles em hospitais p\u00fablicos. Com isso, o estado totaliza 4.036 mortes. O boletim registra ainda um total de 138.950 pacientes recuperados da doen\u00e7a.<\/p>\n\n\n\n<p><strong>Concentra\u00e7\u00e3o de casos<\/strong><\/p>\n\n\n\n<p>Sete munic\u00edpios concentram 662 novos casos, o que corresponde a 58,84% dos casos registrados nesta sexta. S\u00e3o eles:&nbsp;<\/p>\n\n\n\n<ul class=\"wp-block-list\"><li>Jo\u00e3o Pessoa, com 408 novos casos, totalizando 49.197;&nbsp;<\/li><li>Campina Grande, com 73 novos casos, totalizando 17.171;&nbsp;<\/li><li>Monteiro, com 41 novos casos, totalizando 1911;&nbsp;<\/li><li>Bayeux, com 39 novos casos, totalizando 2.995;&nbsp;<\/li><li>Santa Rita com 35 novos casos, totalizando 4822;&nbsp;<\/li><li>Patos, com 34 novos casos, totalizando 7.792;&nbsp;<\/li><li>Sousa, com 32 novos casos, totalizando 4.612.<\/li><\/ul>\n\n\n\n<p>* Dados oficiais preliminares (fonte: e-sus VE, Sivep Gripe e SIM) extra\u00eddos \u00e0s 10h do dia 29\/01\/2021, sujeitos a altera\u00e7\u00e3o por parte dos munic\u00edpios.<\/p>\n\n\n\n<p><strong>\u00d3bitos<\/strong><\/p>\n\n\n\n<p>At\u00e9 esta sexta, 199 cidades paraibanas registraram \u00f3bitos por Covid-19. Os 11 \u00f3bitos confirmados neste boletim ocorreram entre residentes dos munic\u00edpios de Bayeux (1), Boqueir\u00e3o (1), Brejo dos Santos (1), Cabedelo (1), Campina Grande (1), Jo\u00e3o Pessoa (2), Pianc\u00f3 (1), Rio Tinto (1), Santa In\u00eas (1) e S\u00e3o Bentinho (1).<\/p>\n\n\n\n<p><strong>Ocupa\u00e7\u00e3o de leitos Covid-19<\/strong><\/p>\n\n\n\n<p>A ocupa\u00e7\u00e3o total de leitos de UTI (adulto, pedi\u00e1trico e obst\u00e9trico) em todo o estado \u00e9 de 50%. Fazendo um recorte apenas dos leitos de UTI para adultos na Regi\u00e3o Metropolitana de Jo\u00e3o Pessoa, a taxa de ocupa\u00e7\u00e3o chega a 58%. Em Campina Grande est\u00e3o ocupados 60% dos leitos de UTI adulto e no sert\u00e3o 56% dos leitos de UTI para adultos. De acordo com o Centro estadual de regula\u00e7\u00e3o hospitalar, 29 pacientes foram internados nas ultimas 24h.<\/p>\n\n\n\n<p><strong>Cobertura Vacinal<\/strong><\/p>\n\n\n\n<p>At\u00e9 a \u00faltima atualiza\u00e7\u00e3o de 28 de janeiro, foi registrado no sistema de informa\u00e7\u00e3o SI-PNI a aplica\u00e7\u00e3o de 31.342 doses.<\/p>\n\n\n\n<p>ClickPB<\/p>\n","protected":false},"excerpt":{"rendered":"<p>A Para\u00edba registrou, nesta sexta (29), 1.125 casos da Covid- 19. Tamb\u00e9m foram confirmados 11 novos \u00f3bitos desde a \u00faltima atualiza\u00e7\u00e3o, sendo 09 deles nas&hellip; <\/p>\n","protected":false},"author":6,"featured_media":204617,"comment_status":"closed","ping_status":"closed","sticky":false,"template":"","format":"standard","meta":{"sfsi_plus_gutenberg_text_before_share":"","sfsi_plus_gutenberg_show_text_before_share":"","sfsi_plus_gutenberg_icon_type":"","sfsi_plus_gutenberg_icon_alignemt":"","sfsi_plus_gutenburg_max_per_row":"","footnotes":""},"categories":[50,104],"tags":[],"class_list":["post-204616","post","type-post","status-publish","format-standard","has-post-thumbnail","hentry","category-destaque","category-paraiba"],"_links":{"self":[{"href":"https:\/\/www.caririemacao.com\/1\/wp-json\/wp\/v2\/posts\/204616","targetHints":{"allow":["GET"]}}],"collection":[{"href":"https:\/\/www.caririemacao.com\/1\/wp-json\/wp\/v2\/posts"}],"about":[{"href":"https:\/\/www.caririemacao.com\/1\/wp-json\/wp\/v2\/types\/post"}],"author":[{"embeddable":true,"href":"https:\/\/www.caririemacao.com\/1\/wp-json\/wp\/v2\/users\/6"}],"replies":[{"embeddable":true,"href":"https:\/\/www.caririemacao.com\/1\/wp-json\/wp\/v2\/comments?post=204616"}],"version-history":[{"count":1,"href":"https:\/\/www.caririemacao.com\/1\/wp-json\/wp\/v2\/posts\/204616\/revisions"}],"predecessor-version":[{"id":204618,"href":"https:\/\/www.caririemacao.com\/1\/wp-json\/wp\/v2\/posts\/204616\/revisions\/204618"}],"wp:featuredmedia":[{"embeddable":true,"href":"https:\/\/www.caririemacao.com\/1\/wp-json\/wp\/v2\/media\/204617"}],"wp:attachment":[{"href":"https:\/\/www.caririemacao.com\/1\/wp-json\/wp\/v2\/media?parent=204616"}],"wp:term":[{"taxonomy":"category","embeddable":true,"href":"https:\/\/www.caririemacao.com\/1\/wp-json\/wp\/v2\/categories?post=204616"},{"taxonomy":"post_tag","embeddable":true,"href":"https:\/\/www.caririemacao.com\/1\/wp-json\/wp\/v2\/tags?post=204616"}],"curies":[{"name":"wp","href":"https:\/\/api.w.org\/{rel}","templated":true}]}}