{"id":204619,"date":"2021-01-30T06:39:58","date_gmt":"2021-01-30T09:39:58","guid":{"rendered":"https:\/\/www.caririemacao.com\/1\/?p=204619"},"modified":"2021-01-30T06:40:01","modified_gmt":"2021-01-30T09:40:01","slug":"secretario-de-saude-da-paraiba-diz-que-consorcio-nordeste-so-vai-comprar-vacinas-contra-covid-19-se-governo-federal-nao-adquirir-doses","status":"publish","type":"post","link":"https:\/\/www.caririemacao.com\/1\/2021\/01\/30\/secretario-de-saude-da-paraiba-diz-que-consorcio-nordeste-so-vai-comprar-vacinas-contra-covid-19-se-governo-federal-nao-adquirir-doses\/","title":{"rendered":"Secret\u00e1rio de Sa\u00fade da Para\u00edba diz que Cons\u00f3rcio Nordeste s\u00f3 vai comprar vacinas contra Covid-19 se Governo Federal n\u00e3o adquirir doses"},"content":{"rendered":"\n<p>O secret\u00e1rio de Estado da Sa\u00fade, Geraldo Medeiros, falou ao ClickPB sobre a possibilidade de o Governo da Para\u00edba comprar doses da CoronaVac e do Cons\u00f3rcio Nordeste adquirir doses da vacina russa contra Covid-19, Sputnik V. Ele destacou o an\u00fancio de que o Governo Federal deve assinar, na ter\u00e7a-feira (2), contrato com o Instituto Butantan para aquisi\u00e7\u00e3o de 54 milh\u00f5es de doses da CoronaVac.<\/p>\n\n\n\n<p>O diretor do Instituto Butantan, Dimas Covas, anunciou nesta sexta-feira (29) a manifesta\u00e7\u00e3o do Governo Federal acerca da compra de mais doses do imunizante.<\/p>\n\n\n\n<p>&#8220;A aquisi\u00e7\u00e3o de vacinas deve ser centralizada pelo Governo Federal. O Cons\u00f3rcio Nordeste s\u00f3 vai adquirir vacinas se o Governo Federal n\u00e3o efetivar a aquisi\u00e7\u00e3o. Ent\u00e3o continua o mesmo planejamento do Governo Federal que, atrav\u00e9s dessa informa\u00e7\u00e3o, j\u00e1 mostra que est\u00e1 operacionalizando a aquisi\u00e7\u00e3o de mais doses de vacinas&#8221;, comentou o secret\u00e1rio Geraldo Medeiros.<\/p>\n\n\n\n<p>O governador da Para\u00edba,\u00a0Jo\u00e3o Azev\u00eado, afirmou que tem interesse na compra da vacina Coronavac, caso a negocia\u00e7\u00e3o do Governo Federal com o Instituto Butantan n\u00e3o prossiga. A declara\u00e7\u00e3o do governador foi feita atrav\u00e9s de sua conta no Twitter nessa quinta-feira (28).<\/p>\n\n\n\n<p>Jo\u00e3o Azev\u00eado disse que aguarda a chegada da vacina para poder avan\u00e7ar com o plano de imuniza\u00e7\u00e3o da popula\u00e7\u00e3o. &#8220;Espero que o Minist\u00e9rio da Sa\u00fade adquira logo as vacinas do Butantan e as distribua com Estados e munic\u00edpios para que possamos avan\u00e7ar com nosso plano de imuniza\u00e7\u00e3o da popula\u00e7\u00e3o&#8221;, declarou.<\/p>\n\n\n\n<p>Ainda segundo ele, caso o Governo Federal n\u00e3o adquira as outras doses, a Para\u00edba ir\u00e1 ir\u00e1 entrar em contato com o Instituto Butantan para realizar a compra. &#8220;Mas se o governo federal n\u00e3o avan\u00e7ar, vou voltar a contatar a dire\u00e7\u00e3o do Butantan para reafirmar que o Governo da Para\u00edba tem interesse em compr\u00e1-las o quanto antes. A gente tem pressa.&#8221;<\/p>\n\n\n\n<p>ClickPB<\/p>\n","protected":false},"excerpt":{"rendered":"<p>O secret\u00e1rio de Estado da Sa\u00fade, Geraldo Medeiros, falou ao ClickPB sobre a possibilidade de o Governo da Para\u00edba comprar doses da CoronaVac e do&hellip; <\/p>\n","protected":false},"author":6,"featured_media":204620,"comment_status":"closed","ping_status":"closed","sticky":false,"template":"","format":"standard","meta":{"sfsi_plus_gutenberg_text_before_share":"","sfsi_plus_gutenberg_show_text_before_share":"","sfsi_plus_gutenberg_icon_type":"","sfsi_plus_gutenberg_icon_alignemt":"","sfsi_plus_gutenburg_max_per_row":"","footnotes":""},"categories":[50,2],"tags":[],"class_list":["post-204619","post","type-post","status-publish","format-standard","has-post-thumbnail","hentry","category-destaque","category-geral"],"_links":{"self":[{"href":"https:\/\/www.caririemacao.com\/1\/wp-json\/wp\/v2\/posts\/204619","targetHints":{"allow":["GET"]}}],"collection":[{"href":"https:\/\/www.caririemacao.com\/1\/wp-json\/wp\/v2\/posts"}],"about":[{"href":"https:\/\/www.caririemacao.com\/1\/wp-json\/wp\/v2\/types\/post"}],"author":[{"embeddable":true,"href":"https:\/\/www.caririemacao.com\/1\/wp-json\/wp\/v2\/users\/6"}],"replies":[{"embeddable":true,"href":"https:\/\/www.caririemacao.com\/1\/wp-json\/wp\/v2\/comments?post=204619"}],"version-history":[{"count":1,"href":"https:\/\/www.caririemacao.com\/1\/wp-json\/wp\/v2\/posts\/204619\/revisions"}],"predecessor-version":[{"id":204621,"href":"https:\/\/www.caririemacao.com\/1\/wp-json\/wp\/v2\/posts\/204619\/revisions\/204621"}],"wp:featuredmedia":[{"embeddable":true,"href":"https:\/\/www.caririemacao.com\/1\/wp-json\/wp\/v2\/media\/204620"}],"wp:attachment":[{"href":"https:\/\/www.caririemacao.com\/1\/wp-json\/wp\/v2\/media?parent=204619"}],"wp:term":[{"taxonomy":"category","embeddable":true,"href":"https:\/\/www.caririemacao.com\/1\/wp-json\/wp\/v2\/categories?post=204619"},{"taxonomy":"post_tag","embeddable":true,"href":"https:\/\/www.caririemacao.com\/1\/wp-json\/wp\/v2\/tags?post=204619"}],"curies":[{"name":"wp","href":"https:\/\/api.w.org\/{rel}","templated":true}]}}