{"id":20462,"date":"2017-05-25T23:44:23","date_gmt":"2017-05-26T02:44:23","guid":{"rendered":"http:\/\/caririemacao.com\/1\/?p=20462"},"modified":"2017-05-25T23:44:23","modified_gmt":"2017-05-26T02:44:23","slug":"adailsinho-queiroz-se-reune-com-superintendente-dos-correios","status":"publish","type":"post","link":"https:\/\/www.caririemacao.com\/1\/2017\/05\/25\/adailsinho-queiroz-se-reune-com-superintendente-dos-correios\/","title":{"rendered":"Adailsinho Queiroz se re\u00fane com superintendente dos Correios"},"content":{"rendered":"<p>O presidente da C\u00e2mara de Gurj\u00e3o, Adailsinho Queiroz, esteve nesta quinta-feira (25) em reuni\u00e3o com o superintendente dos Correios na Para\u00edba, Francisco Pereira, para solicitar melhorias para ag\u00eancia dos Correios de Gurj\u00e3o.<\/p>\n<p>Em contato com o Cariri em A\u00e7\u00e3o, Adailsinho lembrou que no <a href=\"http:\/\/caririemacao.com\/1\/?p=17743\">dia 12 de abril <\/a>solicitou a reabertura do banco postal ag\u00eancia dos Correios que foi prontamente atendido. Ele enfatizou que a popula\u00e7\u00e3o tinha que se deslocar para outras cidades para realizar movimenta\u00e7\u00e3o financeira e que agora pode fazer isso na pr\u00f3pria cidade de Gurj\u00e3o.<\/p>\n<p>Ele aproveitou a reuni\u00e3o desta semana para solicitar formalmente a contrata\u00e7\u00e3o de um seguran\u00e7a armado, um carteiro e a mudan\u00e7a das instala\u00e7\u00f5es dos correios saindo para um pr\u00e9dio na Rua Antonio Coutinho. Adailsinho disse ainda que o novo pr\u00e9dio j\u00e1 passou por uma analise t\u00e9cnica dos Correios<\/p>\n<p>Adailsinho comentou que o pedido para um novo endere\u00e7o \u00e9 um pedido da popula\u00e7\u00e3o que pede um local mais adequado e seguro. Ele ainda destacou que na reuni\u00e3o tamb\u00e9m solicitou a coloca\u00e7\u00e3o de mais um caixa para ampliar os atendimentos oferecidos pelos Correios em Gurj\u00e3o.<\/p>\n<p><strong>CARIRI EM A\u00c7\u00c3O<\/strong><\/p>\n<p><strong>Leia mais not\u00edcias em\u00a0<a href=\"http:\/\/www.caririemacao.com\/\">caririemacao.com<\/a>, siga nossa p\u00e1gina no<a href=\"https:\/\/www.facebook.com\/CaririEmAcao\/\">\u00a0Facebook<\/a>\u00a0e\u00a0<a href=\"https:\/\/www.instagram.com\/cariri_em_acao\/?hl=pt-br\">Instagram<\/a>\u00a0veja nossas mat\u00e9rias e fotos. Voc\u00ea tamb\u00e9m pode enviar informa\u00e7\u00f5es \u00e0 Reda\u00e7\u00e3o do Portal Cariri em A\u00e7\u00e3o pelo Whatsapp (83) 9 9634.5791, (83) 9 9601-1162.<\/strong><\/p>\n","protected":false},"excerpt":{"rendered":"<p>O presidente da C\u00e2mara de Gurj\u00e3o, Adailsinho Queiroz, esteve nesta quinta-feira (25) em reuni\u00e3o com o superintendente dos Correios na Para\u00edba, Francisco Pereira, para solicitar&hellip; <\/p>\n","protected":false},"author":2,"featured_media":20463,"comment_status":"closed","ping_status":"closed","sticky":false,"template":"","format":"standard","meta":{"sfsi_plus_gutenberg_text_before_share":"","sfsi_plus_gutenberg_show_text_before_share":"","sfsi_plus_gutenberg_icon_type":"","sfsi_plus_gutenberg_icon_alignemt":"","sfsi_plus_gutenburg_max_per_row":"","footnotes":""},"categories":[11],"tags":[],"class_list":["post-20462","post","type-post","status-publish","format-standard","has-post-thumbnail","hentry","category-politica"],"_links":{"self":[{"href":"https:\/\/www.caririemacao.com\/1\/wp-json\/wp\/v2\/posts\/20462","targetHints":{"allow":["GET"]}}],"collection":[{"href":"https:\/\/www.caririemacao.com\/1\/wp-json\/wp\/v2\/posts"}],"about":[{"href":"https:\/\/www.caririemacao.com\/1\/wp-json\/wp\/v2\/types\/post"}],"author":[{"embeddable":true,"href":"https:\/\/www.caririemacao.com\/1\/wp-json\/wp\/v2\/users\/2"}],"replies":[{"embeddable":true,"href":"https:\/\/www.caririemacao.com\/1\/wp-json\/wp\/v2\/comments?post=20462"}],"version-history":[{"count":0,"href":"https:\/\/www.caririemacao.com\/1\/wp-json\/wp\/v2\/posts\/20462\/revisions"}],"wp:featuredmedia":[{"embeddable":true,"href":"https:\/\/www.caririemacao.com\/1\/wp-json\/wp\/v2\/media\/20463"}],"wp:attachment":[{"href":"https:\/\/www.caririemacao.com\/1\/wp-json\/wp\/v2\/media?parent=20462"}],"wp:term":[{"taxonomy":"category","embeddable":true,"href":"https:\/\/www.caririemacao.com\/1\/wp-json\/wp\/v2\/categories?post=20462"},{"taxonomy":"post_tag","embeddable":true,"href":"https:\/\/www.caririemacao.com\/1\/wp-json\/wp\/v2\/tags?post=20462"}],"curies":[{"name":"wp","href":"https:\/\/api.w.org\/{rel}","templated":true}]}}