{"id":204625,"date":"2021-01-30T06:43:56","date_gmt":"2021-01-30T09:43:56","guid":{"rendered":"https:\/\/www.caririemacao.com\/1\/?p=204625"},"modified":"2021-01-30T06:43:58","modified_gmt":"2021-01-30T09:43:58","slug":"pf-abre-inquerito-para-investigar-conduta-do-ministro-pazuello-na-crise-sanitaria-do-amazonas","status":"publish","type":"post","link":"https:\/\/www.caririemacao.com\/1\/2021\/01\/30\/pf-abre-inquerito-para-investigar-conduta-do-ministro-pazuello-na-crise-sanitaria-do-amazonas\/","title":{"rendered":"PF abre inqu\u00e9rito para investigar conduta do ministro Pazuello na crise sanit\u00e1ria do Amazonas"},"content":{"rendered":"\n<p>A Pol\u00edcia Federal abriu nesta sexta-feira (29), por determina\u00e7\u00e3o do ministro Ricardo Lewandowski, do Supremo Tribunal Federal (STF), inqu\u00e9rito para investigar a conduta do ministro da Sa\u00fade, Eduardo Pazuello, na crise sanit\u00e1ria do Amazonas.<\/p>\n\n\n\n<p>A investiga\u00e7\u00e3o deve tramitar no Servi\u00e7o de Inqu\u00e9ritos Especiais (Sinq) porque Pazuello, na condi\u00e7\u00e3o de ministro, tem foro privilegiado.<\/p>\n\n\n\n<p>Lewandowski, relator da investiga\u00e7\u00e3o, avaliou que, considerando a fase embrion\u00e1ria das investiga\u00e7\u00f5es, Pazuello ter\u00e1 a prerrogativa de marcar dia, hor\u00e1rio e local para ser ouvido em depoimento pela Pol\u00edcia Federal.<\/p>\n\n\n\n<p>Procurada, a assessoria do Minist\u00e9rio da Sa\u00fade informou que a pasta n\u00e3o comentar\u00e1 a abertura do inqu\u00e9rito pela PF.<\/p>\n\n\n\n<p>O ministro da Sa\u00fade \u00e9 investigado por causa do colapso na sa\u00fade p\u00fablica no Amazonas. Pacientes morreram pela falta de oxig\u00eanio medicinal nos hospitais e muitos foram transferidos para receber atendimento m\u00e9dico em outros Estados.<\/p>\n\n\n\n<p>O envio do caso a Lewandowski foi determinado na segunda-feira (25) pela vice-presidente do STF, Rosa Weber \u2013 que est\u00e1 \u00e0 frente do plant\u00e3o judici\u00e1rio durante o recesso. Lewandowski j\u00e1 \u00e9 relator de outros temas ligados \u00e0 pandemia e, por isso, foi designado como respons\u00e1vel pela an\u00e1lise.<\/p>\n\n\n\n<p>O pedido de inqu\u00e9rito foi enviado ao Supremo no s\u00e1bado (23) pelo procurador-geral da Rep\u00fablica, Augusto Aras, com base em uma representa\u00e7\u00e3o do partido Cidadania e em informa\u00e7\u00f5es apresentadas pelo pr\u00f3prio ministro Pazuello \u2013 al\u00e9m de apura\u00e7\u00e3o preliminar da pr\u00f3pria PGR.<\/p>\n\n\n\n<p>Ap\u00f3s o pedido da PGR ao Supremo, o Minist\u00e9rio da Sa\u00fade informou que aguardaria a notifica\u00e7\u00e3o oficial para se manifestar.<\/p>\n\n\n\n<p>No documento enviado ao STF na \u00faltima semana, a PGR afirma que o Minist\u00e9rio da Sa\u00fade recebeu informa\u00e7\u00f5es sobre um poss\u00edvel colapso do sistema de sa\u00fade na capital do Amazonas ainda em dezembro, mas s\u00f3 enviou representantes ao estado em janeiro deste ano.<\/p>\n\n\n\n<p>A PGR tamb\u00e9m aponta ind\u00edcios de atraso para o envio efetivo de oxig\u00eanio hospitalar \u00e0s cidades amazonenses \u2013 a falta do insumo levou \u00e0 morte de dezenas de pacientes com Covid-19 neste m\u00eas.<\/p>\n\n\n\n<p>Um outro fato chamou a aten\u00e7\u00e3o da PGR. No dia 14 de janeiro, portanto oito dias depois de Eduardo Pazuello saber do iminente colapso no sistema de sa\u00fade de Manaus, o minist\u00e9rio fez a entrega de 120 mil unidades de hidroxicloroquina, como medicamento para tratar a Covid-19, quase a mesma quantidade de testes do tipo PCR que havia sido entregue ao estado do Amazonas.<\/p>\n\n\n\n<p>Aras afirma que &#8220;a distribui\u00e7\u00e3o de cloroquina foi iniciada em mar\u00e7o de 2020, inclusive com orienta\u00e7\u00f5es para o tratamento precoce da doen\u00e7a, todavia sem indicar quais os documentos t\u00e9cnicos serviram de base \u00e0 orienta\u00e7\u00e3o&#8221;. A cloroquina n\u00e3o tem efic\u00e1cia comprovada.<\/p>\n\n\n\n<p>O procurador-geral defende o aprofundamento nas investiga\u00e7\u00f5es sobre os &#8220;grav\u00edssimos fatos imputados&#8221; ao ministro, &#8220;considerando que a poss\u00edvel intempestividade nas a\u00e7\u00f5es do representado, o ministro Eduardo Pazuello, o qual tinha dever legal e possibilidade de agir para mitigar os resultados, pode caracterizar omiss\u00e3o pass\u00edvel de responsabiliza\u00e7\u00e3o c\u00edvel, administrativa e\/ou criminal&#8221;.<\/p>\n\n\n\n<p>&#8220;Mostra-se necess\u00e1rio o aprofundamento das investiga\u00e7\u00f5es, a fim de se obter elementos informativos robustos para a deflagra\u00e7\u00e3o de eventual a\u00e7\u00e3o judicial&#8221;, diz Aras.<\/p>\n\n\n\n<p>clickPB<\/p>\n","protected":false},"excerpt":{"rendered":"<p>A Pol\u00edcia Federal abriu nesta sexta-feira (29), por determina\u00e7\u00e3o do ministro Ricardo Lewandowski, do Supremo Tribunal Federal (STF), inqu\u00e9rito para investigar a conduta do ministro&hellip; <\/p>\n","protected":false},"author":6,"featured_media":204626,"comment_status":"closed","ping_status":"closed","sticky":false,"template":"","format":"standard","meta":{"sfsi_plus_gutenberg_text_before_share":"","sfsi_plus_gutenberg_show_text_before_share":"","sfsi_plus_gutenberg_icon_type":"","sfsi_plus_gutenberg_icon_alignemt":"","sfsi_plus_gutenburg_max_per_row":"","footnotes":""},"categories":[50],"tags":[],"class_list":["post-204625","post","type-post","status-publish","format-standard","has-post-thumbnail","hentry","category-destaque"],"_links":{"self":[{"href":"https:\/\/www.caririemacao.com\/1\/wp-json\/wp\/v2\/posts\/204625","targetHints":{"allow":["GET"]}}],"collection":[{"href":"https:\/\/www.caririemacao.com\/1\/wp-json\/wp\/v2\/posts"}],"about":[{"href":"https:\/\/www.caririemacao.com\/1\/wp-json\/wp\/v2\/types\/post"}],"author":[{"embeddable":true,"href":"https:\/\/www.caririemacao.com\/1\/wp-json\/wp\/v2\/users\/6"}],"replies":[{"embeddable":true,"href":"https:\/\/www.caririemacao.com\/1\/wp-json\/wp\/v2\/comments?post=204625"}],"version-history":[{"count":1,"href":"https:\/\/www.caririemacao.com\/1\/wp-json\/wp\/v2\/posts\/204625\/revisions"}],"predecessor-version":[{"id":204627,"href":"https:\/\/www.caririemacao.com\/1\/wp-json\/wp\/v2\/posts\/204625\/revisions\/204627"}],"wp:featuredmedia":[{"embeddable":true,"href":"https:\/\/www.caririemacao.com\/1\/wp-json\/wp\/v2\/media\/204626"}],"wp:attachment":[{"href":"https:\/\/www.caririemacao.com\/1\/wp-json\/wp\/v2\/media?parent=204625"}],"wp:term":[{"taxonomy":"category","embeddable":true,"href":"https:\/\/www.caririemacao.com\/1\/wp-json\/wp\/v2\/categories?post=204625"},{"taxonomy":"post_tag","embeddable":true,"href":"https:\/\/www.caririemacao.com\/1\/wp-json\/wp\/v2\/tags?post=204625"}],"curies":[{"name":"wp","href":"https:\/\/api.w.org\/{rel}","templated":true}]}}