{"id":204630,"date":"2021-01-30T06:47:18","date_gmt":"2021-01-30T09:47:18","guid":{"rendered":"https:\/\/www.caririemacao.com\/1\/?p=204630"},"modified":"2021-01-30T06:47:20","modified_gmt":"2021-01-30T09:47:20","slug":"ministerio-da-saude-confirma-a-compra-de-mais-54-milhoes-de-doses-da-coronavac","status":"publish","type":"post","link":"https:\/\/www.caririemacao.com\/1\/2021\/01\/30\/ministerio-da-saude-confirma-a-compra-de-mais-54-milhoes-de-doses-da-coronavac\/","title":{"rendered":"Minist\u00e9rio da Sa\u00fade confirma a compra de mais 54 milh\u00f5es de doses da Coronavac"},"content":{"rendered":"\n<p>O Minist\u00e9rio da Sa\u00fade confirmou a compra de mais 54 milh\u00f5es de doses da vacina Coronavac que ser\u00e1 distribu\u00edda pelo PNI (Programa Nacional de Imuniza\u00e7\u00f5es). Com isso, a pasta fecha a compra de 100 milh\u00f5es de doses de vacina com o Instituto Butantan.<\/p>\n\n\n\n<p>&#8220;O Minist\u00e9rio da Sa\u00fade ir\u00e1 firmar o contrato de compra das doses junto \u00e0 funda\u00e7\u00e3o na pr\u00f3xima semana. Al\u00e9m disso, a pasta est\u00e1 solicitando a antecipa\u00e7\u00e3o do registro da vacina junto \u00e0 Anvisa, para ampliar a vacina\u00e7\u00e3o para toda a popula\u00e7\u00e3o brasileira&#8221;, disse em nota.<\/p>\n\n\n\n<p>Com a manifesta\u00e7\u00e3o do Minist\u00e9rio da Sa\u00fade acaba a indefini\u00e7\u00e3o sobre o destino dessa quantidade de doses. O Butantan amea\u00e7ou exportar as doses extras de Coronavac se a pasta n\u00e3o se manifestasse at\u00e9 o final de semana.<\/p>\n\n\n\n<p>A confirma\u00e7\u00e3o j\u00e1 havia sido feita pelo Instituto Butantan durante declara\u00e7\u00e3o \u00e0 imprensa nesta sexta-feira (29). Dimas Covas, diretor do instituto, afirmou que recebeu uma mensagem do governo federal confirmando que comprar\u00e1 as vacinas na pr\u00f3xima ter\u00e7a.<\/p>\n\n\n\n<p>Covas disse que os contratos de outros pa\u00edses da Am\u00e9rica Latina n\u00e3o afetam a distribui\u00e7\u00e3o de vacinas pelo Brasil.<\/p>\n\n\n\n<p>Segundo Covas, as 46 milh\u00f5es de doses j\u00e1 contratadas anteriormente ser\u00e3o entregues at\u00e9 abril. A partir da\u00ed, come\u00e7a a entrega das 54 milh\u00f5es de doses adicionais, mas o diretor do Butantan n\u00e3o deu prazo para que essa entrega seja conclu\u00edda.<\/p>\n\n\n\n<p>ClickPB<\/p>\n","protected":false},"excerpt":{"rendered":"<p>O Minist\u00e9rio da Sa\u00fade confirmou a compra de mais 54 milh\u00f5es de doses da vacina Coronavac que ser\u00e1 distribu\u00edda pelo PNI (Programa Nacional de Imuniza\u00e7\u00f5es).&hellip; <\/p>\n","protected":false},"author":6,"featured_media":204631,"comment_status":"closed","ping_status":"closed","sticky":false,"template":"","format":"standard","meta":{"sfsi_plus_gutenberg_text_before_share":"","sfsi_plus_gutenberg_show_text_before_share":"","sfsi_plus_gutenberg_icon_type":"","sfsi_plus_gutenberg_icon_alignemt":"","sfsi_plus_gutenburg_max_per_row":"","footnotes":""},"categories":[50,118],"tags":[],"class_list":["post-204630","post","type-post","status-publish","format-standard","has-post-thumbnail","hentry","category-destaque","category-governo"],"_links":{"self":[{"href":"https:\/\/www.caririemacao.com\/1\/wp-json\/wp\/v2\/posts\/204630","targetHints":{"allow":["GET"]}}],"collection":[{"href":"https:\/\/www.caririemacao.com\/1\/wp-json\/wp\/v2\/posts"}],"about":[{"href":"https:\/\/www.caririemacao.com\/1\/wp-json\/wp\/v2\/types\/post"}],"author":[{"embeddable":true,"href":"https:\/\/www.caririemacao.com\/1\/wp-json\/wp\/v2\/users\/6"}],"replies":[{"embeddable":true,"href":"https:\/\/www.caririemacao.com\/1\/wp-json\/wp\/v2\/comments?post=204630"}],"version-history":[{"count":1,"href":"https:\/\/www.caririemacao.com\/1\/wp-json\/wp\/v2\/posts\/204630\/revisions"}],"predecessor-version":[{"id":204632,"href":"https:\/\/www.caririemacao.com\/1\/wp-json\/wp\/v2\/posts\/204630\/revisions\/204632"}],"wp:featuredmedia":[{"embeddable":true,"href":"https:\/\/www.caririemacao.com\/1\/wp-json\/wp\/v2\/media\/204631"}],"wp:attachment":[{"href":"https:\/\/www.caririemacao.com\/1\/wp-json\/wp\/v2\/media?parent=204630"}],"wp:term":[{"taxonomy":"category","embeddable":true,"href":"https:\/\/www.caririemacao.com\/1\/wp-json\/wp\/v2\/categories?post=204630"},{"taxonomy":"post_tag","embeddable":true,"href":"https:\/\/www.caririemacao.com\/1\/wp-json\/wp\/v2\/tags?post=204630"}],"curies":[{"name":"wp","href":"https:\/\/api.w.org\/{rel}","templated":true}]}}