{"id":204639,"date":"2021-01-30T09:59:50","date_gmt":"2021-01-30T12:59:50","guid":{"rendered":"https:\/\/www.caririemacao.com\/1\/?p=204639"},"modified":"2021-01-30T09:59:51","modified_gmt":"2021-01-30T12:59:51","slug":"greve-dos-caminhoneiros-o-que-se-sabe-sobre-a-paralisacao-marcada-para-o-dia-1o","status":"publish","type":"post","link":"https:\/\/www.caririemacao.com\/1\/2021\/01\/30\/greve-dos-caminhoneiros-o-que-se-sabe-sobre-a-paralisacao-marcada-para-o-dia-1o\/","title":{"rendered":"Greve dos caminhoneiros: o que se sabe sobre a paralisa\u00e7\u00e3o marcada para o dia 1\u00ba"},"content":{"rendered":"\n<p>Uma greve dos caminhoneiros, como a de 2018, foi convocada por alguns integrantes da categoria para esta segunda-feira (1\u00ba).&nbsp;\u00c9 dif\u00edcil cravar, com certeza, se haver\u00e1 ou n\u00e3o a paralisa\u00e7\u00e3o, nem se ser\u00e1 maior ou menor que a de tr\u00eas anos atr\u00e1s.<\/p>\n\n\n\n<p>Isto porque a categoria dos caminhoneiros \u00e9 muito pulverizada, representada por diversas entidades de classe, e a comunica\u00e7\u00e3o entre os trabalhadores \u00e9 feita de forma n\u00e3o centralizada, por grupos de WhatsApp.<\/p>\n\n\n\n<p>Na quarta-feira (27), o presidente da Rep\u00fablica, Jair\u00a0Bolsonaro (sem partido), fez um apelo\u00a0para que os caminhoneiros n\u00e3o cruzem os bra\u00e7os, alegando que &#8220;todos vamos perder&#8221;.\u00a0Apesar disso, no dia seguinte, um of\u00edcio enviado ao governo pelo Conselho Nacional de Transportes Rodovi\u00e1rios de Cargas (CNTRC)\u00a0confirmou a greve\u00a0caso as reivindica\u00e7\u00f5es da categoria n\u00e3o sejam atendidas.\u00a0<\/p>\n\n\n\n<p>Confira abaixo perguntas e respostas para entender o que se sabe at\u00e9 agora a respeito da poss\u00edvel paralisa\u00e7\u00e3o.<\/p>\n\n\n\n<h4 class=\"wp-block-heading\">Quem deve aderir \u00e0 greve?<\/h4>\n\n\n\n<p>A greve dos caminhoneiros prevista para segunda-feira (1\u00ba) foi convocada pela Associa\u00e7\u00e3o Nacional do Transporte Aut\u00f4nomos do Brasil (ANTB), integrante do Conselho Nacional do Transporte Rodovi\u00e1rio de Cargas (CNTRC).\u00a0A ANTB representa cerca de 4.500 caminhoneiros em todo pa\u00eds e, no dia 13 de janeiro, afirmou que\u00a0n\u00e3o veria problema\u00a0em realizar uma paralisa\u00e7\u00e3o durante a pandemia.<\/p>\n\n\n\n<p>Na \u00faltima ter\u00e7a-feira (26), a greve\u00a0recebeu apoio\u00a0da Confedera\u00e7\u00e3o Nacional dos Trabalhadores em Transporte e Log\u00edstica (CNTTL), uma das maiores entidades da categoria no pa\u00eds. A CNTTL possui 800 mil motoristas em sua base e orienta todos a aderirem \u00e0 paralisa\u00e7\u00e3o.<\/p>\n\n\n\n<p>Na quarta-feira (27), a Federa\u00e7\u00e3o \u00danica dos Petroleiros (FUP), que re\u00fane sindicatos de petroleiros em todo o pa\u00eds, tamb\u00e9m\u00a0declarou apoio aos caminhoneiros. Segundo a FUP, este apoio se dar\u00e1 por meio de in\u00fameras a\u00e7\u00f5es e protestos que ser\u00e3o realizados por sindicatos ligados \u00e0 entidade.\u00a0<\/p>\n\n\n\n<p>Por outro lado, a Confedera\u00e7\u00e3o Nacional do Transporte (CNT) negou qualquer tipo de apoio \u00e0 poss\u00edvel paralisa\u00e7\u00e3o.\u00a0A nota foi emitida pelo presidente da CNT, Vander Costa, na \u00faltima quinta-feira (28).<\/p>\n\n\n\n<p>De acordo com o presidente da Associa\u00e7\u00e3o Nacional do Transporte Aut\u00f4nomos do Brasil (ANTB), Jos\u00e9 Roberto Stringasci, a paralisa\u00e7\u00e3o poder\u00e1 ser maior que a realizada em maio de 2018. Na \u00e9poca, a greve teve dura\u00e7\u00e3o de 10 dias.<\/p>\n\n\n\n<h4 class=\"wp-block-heading\">O que querem os caminhoneiros?<\/h4>\n\n\n\n<p>De acordo com a ANTB, o principal motivador da greve \u00e9 a alta do pre\u00e7o do diesel, que teve aumento de 4,4% nas refinarias no final de dezembro e \u00e9 o combust\u00edvel majoritariamente utilizado por caminhoneiros.<\/p>\n\n\n\n<p>Tamb\u00e9m \u00e9 reivindicada uma revis\u00e3o no reajuste na Tabela do Piso M\u00ednimo de Frete, realizada pela Ag\u00eancia Nacional de Transportes Terrestres (ANTT), para o transporte rodovi\u00e1rio de carga.&nbsp;<\/p>\n\n\n\n<p>Pelas novas regras do reajuste, n\u00e3o entram no c\u00e1lculo do piso m\u00ednimo a margem de lucro do caminhoneiro, custos com ped\u00e1gios, custos relacionados \u00e0s movimenta\u00e7\u00f5es log\u00edsticas complementares ao transporte de cargas, despesas de administra\u00e7\u00e3o, tributos e taxas.<\/p>\n\n\n\n<p>A categoria tamb\u00e9m cobra pela implementa\u00e7\u00e3o do C\u00f3digo Identificador de Opera\u00e7\u00e3o de Transporte (Ciot), conquista da greve de 2018.&nbsp;<\/p>\n\n\n\n<p>Para resolver essas quest\u00f5es e evitar a greve prevista, os caminhoneiros querem uma reuni\u00e3o com a presen\u00e7a do presidente da Rep\u00fablica, Jair Bolsonaro &#8211;que recebeu o apoio da categoria na \u00faltima elei\u00e7\u00e3o presidencial.<\/p>\n\n\n\n<h4 class=\"wp-block-heading\">Que medidas o governo tomou para tentar reverter a paralisa\u00e7\u00e3o?<\/h4>\n\n\n\n<p>Numa tentativa de frear a realiza\u00e7\u00e3o da greve dos caminhoneiros, o governo decidiu\u00a0incluir a categoria na lista do grupo de prioridades\u00a0para tomar as vacinas contra a Covid-19 no pa\u00eds.\u00a0Essa a\u00e7\u00e3o elava o n\u00famero de pessoas do grupo priorit\u00e1rio para 77,2 milh\u00f5es, com a soma de 1,24 milh\u00e3o de caminhoneiros.<\/p>\n\n\n\n<p>Al\u00e9m disso, a C\u00e2mara de Com\u00e9rcio Exterior (Camex), do Minist\u00e9rio da Economia, zerou o Imposto de Importa\u00e7\u00e3o de pneus para ve\u00edculos de carga.<\/p>\n\n\n\n<p>O ministro da Infraestrutura, Tarc\u00edsio de Freitas, afirmou que o governo trabalhava na revis\u00e3o de normas de pesagem de caminh\u00f5es nas estradas, para reduzir custos dos aut\u00f4nomos do setor.<\/p>\n\n\n\n<p>Por fim, na \u00faltima quarta-feira (27),\u00a0a\u00a0CNN\u00a0apurou com fontes do Pal\u00e1cio do Planalto\u00a0e da equipe econ\u00f4mica que o governo deve anunciar em breve a redu\u00e7\u00e3o do PIS\/Cofins sobre o \u00f3leo diesel. Os dois impostos, por\u00e9m, n\u00e3o seriam zerados, e sim atenuados, de acordo com interlocutores.<\/p>\n\n\n\n<p>CNN<\/p>\n","protected":false},"excerpt":{"rendered":"<p>Uma greve dos caminhoneiros, como a de 2018, foi convocada por alguns integrantes da categoria para esta segunda-feira (1\u00ba).&nbsp;\u00c9 dif\u00edcil cravar, com certeza, se haver\u00e1&hellip; <\/p>\n","protected":false},"author":6,"featured_media":204495,"comment_status":"closed","ping_status":"closed","sticky":false,"template":"","format":"standard","meta":{"sfsi_plus_gutenberg_text_before_share":"","sfsi_plus_gutenberg_show_text_before_share":"","sfsi_plus_gutenberg_icon_type":"","sfsi_plus_gutenberg_icon_alignemt":"","sfsi_plus_gutenburg_max_per_row":"","footnotes":""},"categories":[1],"tags":[],"class_list":["post-204639","post","type-post","status-publish","format-standard","has-post-thumbnail","hentry","category-o-site"],"_links":{"self":[{"href":"https:\/\/www.caririemacao.com\/1\/wp-json\/wp\/v2\/posts\/204639","targetHints":{"allow":["GET"]}}],"collection":[{"href":"https:\/\/www.caririemacao.com\/1\/wp-json\/wp\/v2\/posts"}],"about":[{"href":"https:\/\/www.caririemacao.com\/1\/wp-json\/wp\/v2\/types\/post"}],"author":[{"embeddable":true,"href":"https:\/\/www.caririemacao.com\/1\/wp-json\/wp\/v2\/users\/6"}],"replies":[{"embeddable":true,"href":"https:\/\/www.caririemacao.com\/1\/wp-json\/wp\/v2\/comments?post=204639"}],"version-history":[{"count":1,"href":"https:\/\/www.caririemacao.com\/1\/wp-json\/wp\/v2\/posts\/204639\/revisions"}],"predecessor-version":[{"id":204640,"href":"https:\/\/www.caririemacao.com\/1\/wp-json\/wp\/v2\/posts\/204639\/revisions\/204640"}],"wp:featuredmedia":[{"embeddable":true,"href":"https:\/\/www.caririemacao.com\/1\/wp-json\/wp\/v2\/media\/204495"}],"wp:attachment":[{"href":"https:\/\/www.caririemacao.com\/1\/wp-json\/wp\/v2\/media?parent=204639"}],"wp:term":[{"taxonomy":"category","embeddable":true,"href":"https:\/\/www.caririemacao.com\/1\/wp-json\/wp\/v2\/categories?post=204639"},{"taxonomy":"post_tag","embeddable":true,"href":"https:\/\/www.caririemacao.com\/1\/wp-json\/wp\/v2\/tags?post=204639"}],"curies":[{"name":"wp","href":"https:\/\/api.w.org\/{rel}","templated":true}]}}