{"id":204641,"date":"2021-01-30T10:06:30","date_gmt":"2021-01-30T13:06:30","guid":{"rendered":"https:\/\/www.caririemacao.com\/1\/?p=204641"},"modified":"2021-01-30T10:06:31","modified_gmt":"2021-01-30T13:06:31","slug":"ex-integrantes-da-pgr-apontam-crime-de-bolsonaro-na-pandemia-e-pedem-a-aras-para-denuncia-lo","status":"publish","type":"post","link":"https:\/\/www.caririemacao.com\/1\/2021\/01\/30\/ex-integrantes-da-pgr-apontam-crime-de-bolsonaro-na-pandemia-e-pedem-a-aras-para-denuncia-lo\/","title":{"rendered":"Ex-integrantes da PGR apontam crime de Bolsonaro na pandemia e pedem a Aras para denunci\u00e1-lo"},"content":{"rendered":"\n<p>Ex-integrantes da c\u00fapula da Procuradoria-Geral da Rep\u00fablica (PGR) apresentaram um pedido ao procurador-geral da Rep\u00fablica,\u00a0Augusto Aras, para que ele ofere\u00e7a den\u00fancia ao Supremo Tribunal Federal (STF) contra o presidente\u00a0Jair Bolsonar<a href=\"https:\/\/g1.globo.com\/politica\/politico\/jair-bolsonaro\/\">o<\/a>\u00a0pela conduta dele no enfrentamento da pandemia.<\/p>\n\n\n\n<p>O documento afirma que h\u00e1 elementos de que Bolsonaro cometeu o crime de favorecer a dissemina\u00e7\u00e3o de epidemia, previsto no C\u00f3digo Penal e cuja pena \u00e9 de cinco a 15 anos de pris\u00e3o.<\/p>\n\n\n\n<p>O texto \u00e9 assinado pelo ex-procurador-geral da Rep\u00fablica Claudio Fonteles, pelos ex-procuradores federais dos Direitos do Cidad\u00e3o Deborah Duprat, \u00c1lvaro Ribeiro Costa e Wagner Gon\u00e7alves, pelo subprocurador-geral da Rep\u00fablica Paulo de Tarso Braz Lucas, e pelo desembargador federal aposentado Manoel Volkmer de Castilho.<\/p>\n\n\n\n<p>Os procuradores listam dez condutas que, na avalia\u00e7\u00e3o deles, configuram crime por parte de Bolsonaro:<\/p>\n\n\n\n<ul class=\"wp-block-list\"><li>reiterados\u00a0discursos contra a obrigatoriedade da vacina\u00e7\u00e3o\u00a0, al\u00e9m de lan\u00e7ar\u00a0d\u00favidas sobre a sua efic\u00e1cia\u00a0e efeitos colaterais;<\/li><li>aus\u00eancia de ado\u00e7\u00e3o das provid\u00eancias necess\u00e1rias para a adequada conforma\u00e7\u00e3o log\u00edstica das distribui\u00e7\u00e3o de imunizantes pelo pa\u00eds;<\/li><li>imposi\u00e7\u00e3o de obst\u00e1culos \u00e0 produ\u00e7\u00e3o e aquisi\u00e7\u00e3o de insumos, como ocorreu no caso de\u00a0agulhas e seringas;<\/li><li>aus\u00eancia de resposta do governo brasileiro\u00a0\u00e0 oferta da empresa Pfizer, em agosto de 2020, de aquisi\u00e7\u00e3o de 70 milh\u00f5es de doses de seu imunizante;<\/li><li>declara\u00e7\u00f5es p\u00fablicas diversas, inclusive por meio de suas redes sociais, de que\u00a0n\u00e3o adquiriria a vacina fabricada pelo Instituto Butantan\u00a0em parceria com o laborat\u00f3rio chin\u00eas Sinovac;<\/li><li>desrespeito \u00e0 recomenda\u00e7\u00e3o da Organiza\u00e7\u00e3o Mundial da Sa\u00fade (OMS), sobre a necessidade de campanhas eficientes de esclarecimento da popula\u00e7\u00e3o a respeito da imperatividade da m\u00e1xima cobertura vacinal para efici\u00eancia do controle da doen\u00e7a;<\/li><li>apologia ao uso de medicamentos comprovadamente ineficazes\u00a0e\/ou prejudiciais aos pacientes portadores de Covid- 19;<\/li><li>m\u00e1 utiliza\u00e7\u00e3o de recursos p\u00fablicos na\u00a0produ\u00e7\u00e3o em larga escala, pelo Ex\u00e9rcito brasileiro, de cloroquina e hidroxicloroquina, contraindicados em muitos casos cl\u00ednicos por chances de complica\u00e7\u00f5es cardiovasculares, e aquisi\u00e7\u00e3o de insumos com pre\u00e7os at\u00e9 tr\u00eas vezes superiores ao habitual;<\/li><li>veto a trecho da Lei de Diretrizes Or\u00e7ament\u00e1rias de 2021, que impedia o contingenciamento de despesas relacionadas \u201ccom a\u00e7\u00f5es vinculadas \u00e0 produ\u00e7\u00e3o e disponibiliza\u00e7\u00e3o de vacinas contra o coronav\u00edrus (Covid-19) e a imuniza\u00e7\u00e3o da popula\u00e7\u00e3o brasileira\u201d;<\/li><li>a prescri\u00e7\u00e3o, pelo governo brasileiro, do chamado \u201ctratamento precoce\u201d diante do\u00a0alerta da escassez de oxig\u00eanio hospitalar na cidade de Manaus, cumulada com o aumento do imposto sobre importa\u00e7\u00e3o de cilindros dias antes do colapso no estado do Amazonas.<\/li><\/ul>\n\n\n\n<figure class=\"wp-block-image\"><img decoding=\"async\" data-src=\"https:\/\/s04.video.glbimg.com\/x240\/9013627.jpg\" alt=\"Ataque de Bolsonaro a vacina anti-Covid desenvolvida em S\u00e3o Paulo gera rea\u00e7\u00f5es\" title=\"Ataque de Bolsonaro a vacina anti-Covid desenvolvida em S\u00e3o Paulo gera rea\u00e7\u00f5es\" src=\"data:image\/svg+xml;base64,PHN2ZyB3aWR0aD0iMSIgaGVpZ2h0PSIxIiB4bWxucz0iaHR0cDovL3d3dy53My5vcmcvMjAwMC9zdmciPjwvc3ZnPg==\" class=\"lazyload\" \/><\/figure>\n\n\n\n<p>Ataque de Bolsonaro a vacina anti-Covid desenvolvida em S\u00e3o Paulo gera rea\u00e7\u00f5es<\/p>\n\n\n\n<p>Segundo os procuradores, \u201cda mesma forma que algu\u00e9m que agrave uma les\u00e3o existente responde por les\u00e3o corporal, presidente que intensifica a epidemia existente responde por esse crime.&#8221;<\/p>\n\n\n\n<p>&#8220;Jair Bolsonaro sempre soube das consequ\u00eancias de suas condutas, mas resolveu correr o risco. O caso \u00e9 de dolo, dolo eventual, e n\u00e3o culpa\u201d, afirmam os procuradores no documento.<\/p>\n\n\n\n<p>G1<\/p>\n","protected":false},"excerpt":{"rendered":"<p>Ex-integrantes da c\u00fapula da Procuradoria-Geral da Rep\u00fablica (PGR) apresentaram um pedido ao procurador-geral da Rep\u00fablica,\u00a0Augusto Aras, para que ele ofere\u00e7a den\u00fancia ao Supremo Tribunal Federal&hellip; <\/p>\n","protected":false},"author":6,"featured_media":203456,"comment_status":"closed","ping_status":"closed","sticky":false,"template":"","format":"standard","meta":{"sfsi_plus_gutenberg_text_before_share":"","sfsi_plus_gutenberg_show_text_before_share":"","sfsi_plus_gutenberg_icon_type":"","sfsi_plus_gutenberg_icon_alignemt":"","sfsi_plus_gutenburg_max_per_row":"","footnotes":""},"categories":[50,98],"tags":[],"class_list":["post-204641","post","type-post","status-publish","format-standard","has-post-thumbnail","hentry","category-destaque","category-presidente"],"_links":{"self":[{"href":"https:\/\/www.caririemacao.com\/1\/wp-json\/wp\/v2\/posts\/204641","targetHints":{"allow":["GET"]}}],"collection":[{"href":"https:\/\/www.caririemacao.com\/1\/wp-json\/wp\/v2\/posts"}],"about":[{"href":"https:\/\/www.caririemacao.com\/1\/wp-json\/wp\/v2\/types\/post"}],"author":[{"embeddable":true,"href":"https:\/\/www.caririemacao.com\/1\/wp-json\/wp\/v2\/users\/6"}],"replies":[{"embeddable":true,"href":"https:\/\/www.caririemacao.com\/1\/wp-json\/wp\/v2\/comments?post=204641"}],"version-history":[{"count":1,"href":"https:\/\/www.caririemacao.com\/1\/wp-json\/wp\/v2\/posts\/204641\/revisions"}],"predecessor-version":[{"id":204642,"href":"https:\/\/www.caririemacao.com\/1\/wp-json\/wp\/v2\/posts\/204641\/revisions\/204642"}],"wp:featuredmedia":[{"embeddable":true,"href":"https:\/\/www.caririemacao.com\/1\/wp-json\/wp\/v2\/media\/203456"}],"wp:attachment":[{"href":"https:\/\/www.caririemacao.com\/1\/wp-json\/wp\/v2\/media?parent=204641"}],"wp:term":[{"taxonomy":"category","embeddable":true,"href":"https:\/\/www.caririemacao.com\/1\/wp-json\/wp\/v2\/categories?post=204641"},{"taxonomy":"post_tag","embeddable":true,"href":"https:\/\/www.caririemacao.com\/1\/wp-json\/wp\/v2\/tags?post=204641"}],"curies":[{"name":"wp","href":"https:\/\/api.w.org\/{rel}","templated":true}]}}