{"id":20473,"date":"2017-05-26T00:23:44","date_gmt":"2017-05-26T03:23:44","guid":{"rendered":"http:\/\/caririemacao.com\/1\/?p=20473"},"modified":"2017-05-26T00:57:54","modified_gmt":"2017-05-26T03:57:54","slug":"nasf-de-sao-sebastiao-do-umbuzeiro-realiza-palestra-em-escola-sobre-sexualidade-dsts-e-metodos-preventivos","status":"publish","type":"post","link":"https:\/\/www.caririemacao.com\/1\/2017\/05\/26\/nasf-de-sao-sebastiao-do-umbuzeiro-realiza-palestra-em-escola-sobre-sexualidade-dsts-e-metodos-preventivos\/","title":{"rendered":"NASF de S\u00e3o Sebasti\u00e3o do Umbuzeiro realiza palestra em escola sobre Sexualidade, DST\u2019s e m\u00e9todos preventivos"},"content":{"rendered":"<p>A equipe NASF de S\u00e3o Sebasti\u00e3o do Umbuzeiro, \u00a0realizou nessa semana uma palestra informativa na escola Municipal Mauro Severino Leite, \u00a0onde alertam para os riscos que os adolescentes correm ao iniciar a vida sexual sem conhecimento adequado, principalmente para as DST\u2019s (doen\u00e7a sexualmente transmiss\u00edvel).<\/p>\n<p>Durante a palestra foi abordado sobre aborto, prostitui\u00e7\u00e3o infantil, pedofilia, gravidez indesejada, banaliza\u00e7\u00e3o das rela\u00e7\u00f5es pessoas, evas\u00e3o escolar, m\u00e9todos de preven\u00e7\u00e3o e consequ\u00eancias das DST\u2019s.<\/p>\n<p>\u201cOs jovens e adolescentes v\u00eam iniciando a vida sexual sem conhecimento algum sobre sa\u00fade, muitas vezes n\u00e3o t\u00eam abertura para essa conversa em casa e muitos acabam procurando informa\u00e7\u00f5es na internet, onde podem encontrar de forma equivocada. Foi bastante proveitoso o envolvimento dos alunos, que puderam tirar v\u00e1rias d\u00favidas com a equipe\u201d Aurea Marcela.<\/p>\n<p><strong>CARIRI EM A\u00c7\u00c3O<\/strong><\/p>\n<p>Blog do Didi\/Foto: Didi<\/p>\n<p><strong>Leia mais not\u00edcias em\u00a0<\/strong><a href=\"http:\/\/www.caririemacao.com\/\"><strong>caririemacao.com<\/strong><\/a><strong>, siga nossa p\u00e1gina no\u00a0<\/strong><a href=\"https:\/\/www.facebook.com\/CaririEmAcao\/?ref=aymt_homepage_panel\"><strong>Facebook<\/strong><\/a><strong>\u00a0e\u00a0<a href=\"https:\/\/www.instagram.com\/cariri_em_acao\/?hl=pt-br\">Instagram<\/a>\u00a0veja nossas mat\u00e9rias e fotos. Voc\u00ea tamb\u00e9m pode enviar informa\u00e7\u00f5es \u00e0 Reda\u00e7\u00e3o do Portal Cariri em A\u00e7\u00e3o pelo WhatsApp (83) 9 9634.5791, (83) 9 9601-1162.<\/strong><\/p>\n","protected":false},"excerpt":{"rendered":"<p>A equipe NASF de S\u00e3o Sebasti\u00e3o do Umbuzeiro, \u00a0realizou nessa semana uma palestra informativa na escola Municipal Mauro Severino Leite, \u00a0onde alertam para os riscos&hellip; <\/p>\n","protected":false},"author":2,"featured_media":20475,"comment_status":"closed","ping_status":"closed","sticky":false,"template":"","format":"standard","meta":{"sfsi_plus_gutenberg_text_before_share":"","sfsi_plus_gutenberg_show_text_before_share":"","sfsi_plus_gutenberg_icon_type":"","sfsi_plus_gutenberg_icon_alignemt":"","sfsi_plus_gutenburg_max_per_row":"","footnotes":""},"categories":[16],"tags":[],"class_list":["post-20473","post","type-post","status-publish","format-standard","has-post-thumbnail","hentry","category-saude"],"_links":{"self":[{"href":"https:\/\/www.caririemacao.com\/1\/wp-json\/wp\/v2\/posts\/20473","targetHints":{"allow":["GET"]}}],"collection":[{"href":"https:\/\/www.caririemacao.com\/1\/wp-json\/wp\/v2\/posts"}],"about":[{"href":"https:\/\/www.caririemacao.com\/1\/wp-json\/wp\/v2\/types\/post"}],"author":[{"embeddable":true,"href":"https:\/\/www.caririemacao.com\/1\/wp-json\/wp\/v2\/users\/2"}],"replies":[{"embeddable":true,"href":"https:\/\/www.caririemacao.com\/1\/wp-json\/wp\/v2\/comments?post=20473"}],"version-history":[{"count":0,"href":"https:\/\/www.caririemacao.com\/1\/wp-json\/wp\/v2\/posts\/20473\/revisions"}],"wp:featuredmedia":[{"embeddable":true,"href":"https:\/\/www.caririemacao.com\/1\/wp-json\/wp\/v2\/media\/20475"}],"wp:attachment":[{"href":"https:\/\/www.caririemacao.com\/1\/wp-json\/wp\/v2\/media?parent=20473"}],"wp:term":[{"taxonomy":"category","embeddable":true,"href":"https:\/\/www.caririemacao.com\/1\/wp-json\/wp\/v2\/categories?post=20473"},{"taxonomy":"post_tag","embeddable":true,"href":"https:\/\/www.caririemacao.com\/1\/wp-json\/wp\/v2\/tags?post=20473"}],"curies":[{"name":"wp","href":"https:\/\/api.w.org\/{rel}","templated":true}]}}