{"id":20477,"date":"2017-05-26T00:36:35","date_gmt":"2017-05-26T03:36:35","guid":{"rendered":"http:\/\/caririemacao.com\/1\/?p=20477"},"modified":"2017-05-26T00:36:35","modified_gmt":"2017-05-26T03:36:35","slug":"temer-recua-e-revoga-decreto-de-forcas-armadas","status":"publish","type":"post","link":"https:\/\/www.caririemacao.com\/1\/2017\/05\/26\/temer-recua-e-revoga-decreto-de-forcas-armadas\/","title":{"rendered":"Temer recua e revoga decreto de For\u00e7as Armadas"},"content":{"rendered":"<div class=\"contentPost\">\n<p>Sob press\u00e3o da base aliada, o presidente Michel Temer recuou e revogou decreto para atua\u00e7\u00e3o das For\u00e7as Armadas no Distrito Federal.<\/p>\n<p>A revoga\u00e7\u00e3o saiu em edi\u00e7\u00e3o extra do \u201cDi\u00e1rio Oficial da Uni\u00e3o\u201d nesta quinta-feira (25). Em meio a epis\u00f3dios de viol\u00eancia e depreda\u00e7\u00e3o, o peemedebista havia publicado na quarta-feira (24) o decreto que permitia aos efetivos militares atuarem com poder de pol\u00edcia at\u00e9 a pr\u00f3xima quarta-feira (31), o que criou uma crise com a C\u00e2mara dos Deputados. A fun\u00e7\u00e3o principal, segundo o ministro da Defesa, Raul Jungmann, seria a prote\u00e7\u00e3o de pr\u00e9dios da Esplanada, embora militares tenham sido vistos circulando por outras \u00e1reas de Bras\u00edlia..<\/p>\n<p>Antes de tomar a decis\u00e3o, o presidente foi alertado por auxiliares e assessores do desgaste que a presen\u00e7a das For\u00e7as Armada poderia causar \u00e0 sua imagem, j\u00e1 prejudicada pelas dela\u00e7\u00f5es da JBS.<\/p>\n<p>Ele, no entanto, decidiu seguir adiante por entender que a escalada da viol\u00eancia geraria um dano ainda maior. Na pr\u00f3pria quarta-feira (24), o peemedebista disse que poderia revogar o decreto se a situa\u00e7\u00e3o voltasse ao normal.<\/p>\n<p>Pelo decreto, publicado em edi\u00e7\u00e3o extra do \u201cDi\u00e1rio Oficial da Uni\u00e3o\u201d, as For\u00e7as Armadas atuariam pela GLO (Garantia da Lei e da Ordem). O dispositivo autorizava os militares a atuarem com poder de pol\u00edcia quando h\u00e1 o esgotamento das for\u00e7as de seguran\u00e7a p\u00fablica ou no caso de situa\u00e7\u00f5es de perturba\u00e7\u00e3o.<\/p>\n<p>\u201cO presidente decretou, repito por solicita\u00e7\u00e3o do presidente da C\u00e2mara dos Deputados, uma a\u00e7\u00e3o de Garantia da Lei e da Ordem\u201d, disse o ministro da Defesa, Raul Jungmann.<\/p>\n<p>O presidente da C\u00e2mara dos Deputados, Rodrigo Maia (DEM-RJ), no entanto, negou que tenha pedido o emprego das For\u00e7as Armadas. Segundo ele, solicitou que a For\u00e7a Nacional garantisse a seguran\u00e7a nas adjac\u00eancias do Congresso Nacional e pediu uma retrata\u00e7\u00e3o do ministro da Defesa.<\/p>\n<p>Em rea\u00e7\u00e3o, o governo peemedebista confirmou que Maia pediu o emprego da For\u00e7a Nacional. Segundo ele, contudo, o efetivo dispon\u00edvel em Bras\u00edlia j\u00e1 havia sido utilizado para proteger o entorno do Pal\u00e1cio do Planalto.<\/p>\n<p>Por isso, e devido ao tamanho da manifesta\u00e7\u00e3o, o GSI (Gabinete de Seguran\u00e7a Institucional) e o Minist\u00e9rio da Defesa decidiram que as For\u00e7as Armadas seriam mais efetivas.<\/p>\n<p>Criada em 2004, a For\u00e7a Nacional atua na preserva\u00e7\u00e3o da ordem p\u00fablica, na incolumidade das pessoas e do patrim\u00f4nio e em situa\u00e7\u00f5es de calamidades p\u00fablicas. Ela \u00e9 formada por policiais militares e civis e por integrantes na reserva das For\u00e7as Armadas.<\/p>\n<p>O protesto foi organizado por centrais sindicais e movimentos de esquerda pela sa\u00edda do presidente, contra as reformas da previdenci\u00e1ria e trabalhista e a favor da convoca\u00e7\u00e3o de elei\u00e7\u00f5es diretas.<\/p>\n<p>Nos bastidores, auxiliares e assessores presidenciais reconhecem que o protesto reuniu p\u00fablico maior do que era esperado. Segundo a Pol\u00edcia Militar, 25 mil pessoas participaram da manifesta\u00e7\u00e3o.<\/p>\n<p>A preocupa\u00e7\u00e3o \u00e9 de que, a partir de agora, o clima de animosidade popular contra o governo peemedebista se intensifique e novas manifesta\u00e7\u00f5es com epis\u00f3dios de viol\u00eancia ocorram em todo o pa\u00eds.<\/p>\n<p><strong>CARIRI EM A\u00c7\u00c3O<\/strong><\/p>\n<p>jornalcruzeiro\/Foto: Google<\/p>\n<p><strong>Leia mais not\u00edcias em\u00a0<\/strong><a href=\"http:\/\/www.caririemacao.com\/\"><strong>caririemacao.com<\/strong><\/a><strong>, siga nossa p\u00e1gina no\u00a0<\/strong><a href=\"https:\/\/www.facebook.com\/CaririEmAcao\/?ref=aymt_homepage_panel\"><strong>Facebook<\/strong><\/a><strong>\u00a0e\u00a0<a href=\"https:\/\/www.instagram.com\/cariri_em_acao\/?hl=pt-br\">Instagram<\/a>\u00a0veja nossas mat\u00e9rias e fotos. Voc\u00ea tamb\u00e9m pode enviar informa\u00e7\u00f5es \u00e0 Reda\u00e7\u00e3o do Portal Cariri em A\u00e7\u00e3o pelo WhatsApp (83) 9 9634.5791, (83) 9 9601-1162.<\/strong><\/p>\n<\/div>\n<p>&nbsp;<\/p>\n","protected":false},"excerpt":{"rendered":"<p>Sob press\u00e3o da base aliada, o presidente Michel Temer recuou e revogou decreto para atua\u00e7\u00e3o das For\u00e7as Armadas no Distrito Federal. A revoga\u00e7\u00e3o saiu em&hellip; <\/p>\n","protected":false},"author":2,"featured_media":20181,"comment_status":"closed","ping_status":"closed","sticky":false,"template":"","format":"standard","meta":{"sfsi_plus_gutenberg_text_before_share":"","sfsi_plus_gutenberg_show_text_before_share":"","sfsi_plus_gutenberg_icon_type":"","sfsi_plus_gutenberg_icon_alignemt":"","sfsi_plus_gutenburg_max_per_row":"","footnotes":""},"categories":[11],"tags":[],"class_list":["post-20477","post","type-post","status-publish","format-standard","has-post-thumbnail","hentry","category-politica"],"_links":{"self":[{"href":"https:\/\/www.caririemacao.com\/1\/wp-json\/wp\/v2\/posts\/20477","targetHints":{"allow":["GET"]}}],"collection":[{"href":"https:\/\/www.caririemacao.com\/1\/wp-json\/wp\/v2\/posts"}],"about":[{"href":"https:\/\/www.caririemacao.com\/1\/wp-json\/wp\/v2\/types\/post"}],"author":[{"embeddable":true,"href":"https:\/\/www.caririemacao.com\/1\/wp-json\/wp\/v2\/users\/2"}],"replies":[{"embeddable":true,"href":"https:\/\/www.caririemacao.com\/1\/wp-json\/wp\/v2\/comments?post=20477"}],"version-history":[{"count":0,"href":"https:\/\/www.caririemacao.com\/1\/wp-json\/wp\/v2\/posts\/20477\/revisions"}],"wp:featuredmedia":[{"embeddable":true,"href":"https:\/\/www.caririemacao.com\/1\/wp-json\/wp\/v2\/media\/20181"}],"wp:attachment":[{"href":"https:\/\/www.caririemacao.com\/1\/wp-json\/wp\/v2\/media?parent=20477"}],"wp:term":[{"taxonomy":"category","embeddable":true,"href":"https:\/\/www.caririemacao.com\/1\/wp-json\/wp\/v2\/categories?post=20477"},{"taxonomy":"post_tag","embeddable":true,"href":"https:\/\/www.caririemacao.com\/1\/wp-json\/wp\/v2\/tags?post=20477"}],"curies":[{"name":"wp","href":"https:\/\/api.w.org\/{rel}","templated":true}]}}