{"id":204887,"date":"2021-02-01T18:52:14","date_gmt":"2021-02-01T21:52:14","guid":{"rendered":"https:\/\/www.caririemacao.com\/1\/?p=204887"},"modified":"2021-02-01T18:52:16","modified_gmt":"2021-02-01T21:52:16","slug":"hoje-secretaria-de-saude-de-camalau-informa-boletim-atualizado-do-covid-19","status":"publish","type":"post","link":"https:\/\/www.caririemacao.com\/1\/2021\/02\/01\/hoje-secretaria-de-saude-de-camalau-informa-boletim-atualizado-do-covid-19\/","title":{"rendered":"HOJE: Secretaria de Sa\u00fade de Camala\u00fa informa boletim atualizado do Covid-19"},"content":{"rendered":"\n<p>A Secretaria Municipal de Sa\u00fade de Camala\u00fa informa nesta Segunda-Feira, dia 01\/02\/2021, o boletim atualizado do Covid-19 no munic\u00edpio.<\/p>\n\n\n\n<p>De acordo com o boletim, at\u00e9 a presente data, foram notificados no sistema 635 casos suspeitos, deste total, foram descartados 445 casos, 04 casos est\u00e3o em investiga\u00e7\u00e3o aguardando o tempo oportuno para realiza\u00e7\u00e3o do teste. <\/p>\n\n\n\n<p>O munic\u00edpio de Camala\u00fa tem 186 casos confirmados, 06 casos ativos; 177 pacientes recuperados; e 03 \u00d3bito. <\/p>\n\n\n\n<p>Nesta segunda-feira, dia 01\/02, foi notificado um caso positivo para COVID-19. Trata-se de uma paciente do sexo feminino com idade de 50 anos (com comorbidades). A paciente encontra-se bem e orientada a permanecer em isolamento domiciliar. Os demais pacientes notificados foram orientados a permanecerem em isolamento domiciliar e est\u00e3o sendo monitorados pela equipe de Vigil\u00e2ncia em Sa\u00fade do Munic\u00edpio.<\/p>\n\n\n\n<p>&#8220;Refor\u00e7amos a import\u00e2ncia da popula\u00e7\u00e3o seguir as orienta\u00e7\u00f5es recomendadas pela Secretaria de Sa\u00fade: fazer uso de m\u00e1scaras, \u00e1lcool a 70% e manter o distanciamento social&#8221;, refor\u00e7ou o prefeito Bira.<\/p>\n","protected":false},"excerpt":{"rendered":"<p>A Secretaria Municipal de Sa\u00fade de Camala\u00fa informa nesta Segunda-Feira, dia 01\/02\/2021, o boletim atualizado do Covid-19 no munic\u00edpio. De acordo com o boletim, at\u00e9&hellip; <\/p>\n","protected":false},"author":6,"featured_media":204888,"comment_status":"closed","ping_status":"closed","sticky":false,"template":"","format":"standard","meta":{"sfsi_plus_gutenberg_text_before_share":"","sfsi_plus_gutenberg_show_text_before_share":"","sfsi_plus_gutenberg_icon_type":"","sfsi_plus_gutenberg_icon_alignemt":"","sfsi_plus_gutenburg_max_per_row":"","footnotes":""},"categories":[1],"tags":[],"class_list":["post-204887","post","type-post","status-publish","format-standard","has-post-thumbnail","hentry","category-o-site"],"_links":{"self":[{"href":"https:\/\/www.caririemacao.com\/1\/wp-json\/wp\/v2\/posts\/204887","targetHints":{"allow":["GET"]}}],"collection":[{"href":"https:\/\/www.caririemacao.com\/1\/wp-json\/wp\/v2\/posts"}],"about":[{"href":"https:\/\/www.caririemacao.com\/1\/wp-json\/wp\/v2\/types\/post"}],"author":[{"embeddable":true,"href":"https:\/\/www.caririemacao.com\/1\/wp-json\/wp\/v2\/users\/6"}],"replies":[{"embeddable":true,"href":"https:\/\/www.caririemacao.com\/1\/wp-json\/wp\/v2\/comments?post=204887"}],"version-history":[{"count":1,"href":"https:\/\/www.caririemacao.com\/1\/wp-json\/wp\/v2\/posts\/204887\/revisions"}],"predecessor-version":[{"id":204889,"href":"https:\/\/www.caririemacao.com\/1\/wp-json\/wp\/v2\/posts\/204887\/revisions\/204889"}],"wp:featuredmedia":[{"embeddable":true,"href":"https:\/\/www.caririemacao.com\/1\/wp-json\/wp\/v2\/media\/204888"}],"wp:attachment":[{"href":"https:\/\/www.caririemacao.com\/1\/wp-json\/wp\/v2\/media?parent=204887"}],"wp:term":[{"taxonomy":"category","embeddable":true,"href":"https:\/\/www.caririemacao.com\/1\/wp-json\/wp\/v2\/categories?post=204887"},{"taxonomy":"post_tag","embeddable":true,"href":"https:\/\/www.caririemacao.com\/1\/wp-json\/wp\/v2\/tags?post=204887"}],"curies":[{"name":"wp","href":"https:\/\/api.w.org\/{rel}","templated":true}]}}