{"id":204894,"date":"2021-02-01T19:21:59","date_gmt":"2021-02-01T22:21:59","guid":{"rendered":"https:\/\/www.caririemacao.com\/1\/?p=204894"},"modified":"2021-02-01T19:22:00","modified_gmt":"2021-02-01T22:22:00","slug":"rodrigo-pacheco-e-eleito-presidente-do-senado-com-57-votos","status":"publish","type":"post","link":"https:\/\/www.caririemacao.com\/1\/2021\/02\/01\/rodrigo-pacheco-e-eleito-presidente-do-senado-com-57-votos\/","title":{"rendered":"Rodrigo Pacheco \u00e9 eleito presidente do Senado, com 57 votos"},"content":{"rendered":"\n<p>O plen\u00e1rio do Senado Federal escolheu, na tarde desta segunda-feira (1\u00ba), Rodrigo Pacheco (DEM-MG) como o novo presidente da casa legislativa pelos pr\u00f3ximos dois anos. O parlamentar recebeu 57 votos e derrotou Simone Tebet (MDB-MS), apoiada por 21. Tr\u00eas senadores n\u00e3o participaram da vota\u00e7\u00e3o, que ocorreu por c\u00e9dula, de forma secreta e presencial.<\/p>\n\n\n\n<p>Outros tr\u00eas senadores \u2013 Jorge Kajuru (Cidadania-GO), Lasier Martins (Podemos-RS) e Major Olimpio (PSL-SP) \u2013 chegaram a lan\u00e7ar candidatura e fazer discurso durante a sess\u00e3o, mas posteriormente desistiram em apoio \u00e0 emedebista.<\/p>\n\n\n\n<p>Pacheco recebeu o apoio do ent\u00e3o presidente da casa legislativa, Davi Alcolumbre (DEM-AP), e do presidente Jair Bolsonaro (sem partido). No campo partid\u00e1rio, ele conseguiu construir um amplo arco de alian\u00e7as, com nove siglas: DEM, PT, PP, PL, PSD, PSC, PDT, Pros e Republicanos \u2013 o que dava amplo favoritismo \u00e0 sua candidatura.<\/p>\n\n\n\n<p>O congressista mineiro tem 44 anos, \u00e9 advogado e foi o mais jovem conselheiro federal da Ordem dos Advogados do Brasil. Antes, atuou como deputado federal (2015-2019) e foi presidente da Comiss\u00e3o de Constitui\u00e7\u00e3o e Justi\u00e7a e de Cidadania (CCJC), onde tramitaram pedidos de impeachment contra o ex-presidente Michel Temer (MDB). No Senado, onde exerce seu primeiro mandato, atuou como vice-presidente da Comiss\u00e3o de Transpar\u00eancia e Governan\u00e7a (CTFC).<\/p>\n\n\n\n<p>No lan\u00e7amento de sua candidatura, apresentou um manifesto em que se compromete, entre outras coisas, a garantir as liberdades, a democracia, as estabilidades social, pol\u00edtica e econ\u00f4mica do Brasil, bem como a seguran\u00e7a jur\u00eddica, a \u00e9tica e a moralidade p\u00fablica, com respeito \u00e0s leis e \u00e0 Constitui\u00e7\u00e3o.<\/p>\n\n\n\n<p>O senador ainda defende a pacifica\u00e7\u00e3o da sociedade e a independ\u00eancia do Senado. Outro compromisso assumido foi o atendimento \u00e0 crise sanit\u00e1ria do pa\u00eds em decorr\u00eancia da covid-19, tanto do ponto de vista da sa\u00fade p\u00fablica como da economia, gerando emprego e renda.<\/p>\n\n\n\n<p>Em discurso proferido em plen\u00e1rio nesta segunda-feira, Pacheco disse que, apesar do compromisso com a responsabilidade fiscal e o teto de gastos, \u00e9 necess\u00e1rio reconhecer a situa\u00e7\u00e3o de vulnerabilidade social aprofundada pela pandemia e se comprometeu a conduzir discuss\u00f5es sobre pol\u00edticas de assist\u00eancia aos mais vulner\u00e1veis de forma compat\u00edvel \u00e0 realidade das contas p\u00fablicas.<\/p>\n\n\n\n<p>O parlamentar tamb\u00e9m aproveitou para dar o recado de que sua gest\u00e3o ser\u00e1 marcada pela independ\u00eancia em rela\u00e7\u00e3o aos outros Poderes. \u201cN\u00e3o haver\u00e1 nenhum tipo de influ\u00eancia externa capaz de influenciar a vontade livre e aut\u00f4noma dos senadores. A busca do consenso haver\u00e1 de ser uma t\u00f4nica, mas temos instrumentos fortes da democracia para extrair uma conclus\u00e3o\u201d, afirmou.<\/p>\n\n\n\n<p>g1<\/p>\n","protected":false},"excerpt":{"rendered":"<p>O plen\u00e1rio do Senado Federal escolheu, na tarde desta segunda-feira (1\u00ba), Rodrigo Pacheco (DEM-MG) como o novo presidente da casa legislativa pelos pr\u00f3ximos dois anos.&hellip; <\/p>\n","protected":false},"author":6,"featured_media":204895,"comment_status":"closed","ping_status":"closed","sticky":false,"template":"","format":"standard","meta":{"sfsi_plus_gutenberg_text_before_share":"","sfsi_plus_gutenberg_show_text_before_share":"","sfsi_plus_gutenberg_icon_type":"","sfsi_plus_gutenberg_icon_alignemt":"","sfsi_plus_gutenburg_max_per_row":"","footnotes":""},"categories":[50,11],"tags":[],"class_list":["post-204894","post","type-post","status-publish","format-standard","has-post-thumbnail","hentry","category-destaque","category-politica"],"_links":{"self":[{"href":"https:\/\/www.caririemacao.com\/1\/wp-json\/wp\/v2\/posts\/204894","targetHints":{"allow":["GET"]}}],"collection":[{"href":"https:\/\/www.caririemacao.com\/1\/wp-json\/wp\/v2\/posts"}],"about":[{"href":"https:\/\/www.caririemacao.com\/1\/wp-json\/wp\/v2\/types\/post"}],"author":[{"embeddable":true,"href":"https:\/\/www.caririemacao.com\/1\/wp-json\/wp\/v2\/users\/6"}],"replies":[{"embeddable":true,"href":"https:\/\/www.caririemacao.com\/1\/wp-json\/wp\/v2\/comments?post=204894"}],"version-history":[{"count":1,"href":"https:\/\/www.caririemacao.com\/1\/wp-json\/wp\/v2\/posts\/204894\/revisions"}],"predecessor-version":[{"id":204896,"href":"https:\/\/www.caririemacao.com\/1\/wp-json\/wp\/v2\/posts\/204894\/revisions\/204896"}],"wp:featuredmedia":[{"embeddable":true,"href":"https:\/\/www.caririemacao.com\/1\/wp-json\/wp\/v2\/media\/204895"}],"wp:attachment":[{"href":"https:\/\/www.caririemacao.com\/1\/wp-json\/wp\/v2\/media?parent=204894"}],"wp:term":[{"taxonomy":"category","embeddable":true,"href":"https:\/\/www.caririemacao.com\/1\/wp-json\/wp\/v2\/categories?post=204894"},{"taxonomy":"post_tag","embeddable":true,"href":"https:\/\/www.caririemacao.com\/1\/wp-json\/wp\/v2\/tags?post=204894"}],"curies":[{"name":"wp","href":"https:\/\/api.w.org\/{rel}","templated":true}]}}