{"id":204897,"date":"2021-02-01T19:40:26","date_gmt":"2021-02-01T22:40:26","guid":{"rendered":"https:\/\/www.caririemacao.com\/1\/?p=204897"},"modified":"2021-02-01T19:55:51","modified_gmt":"2021-02-01T22:55:51","slug":"prefeito-eden-duarte-se-reune-com-o-secretario-da-infraestrutura-e-recursos-hidricos-do-estado","status":"publish","type":"post","link":"https:\/\/www.caririemacao.com\/1\/2021\/02\/01\/prefeito-eden-duarte-se-reune-com-o-secretario-da-infraestrutura-e-recursos-hidricos-do-estado\/","title":{"rendered":"Prefeito \u00c9den Duarte se re\u00fane com o Secret\u00e1rio da infraestrutura e recursos h\u00eddricos do Estado"},"content":{"rendered":"\n<p>O Prefeito de Sum\u00e9, \u00c9den Duarte, manteve esteve reunido nesta segunda-feira, dia 01\/02, com o secret\u00e1rio da Infraestrutura e Recursos H\u00eddricos, Deusdete Queiroga, e com a Secret\u00e1ria Executiva, Virgiane da Silva.<\/p>\n\n\n\n<p>De acordo com o prefeito, o Governo do Estado lan\u00e7ar\u00e1 nos pr\u00f3ximos dias o edital para elabora\u00e7\u00e3o de projetos para constru\u00e7\u00e3o de a\u00e7udes.<\/p>\n\n\n\n<p>No caso de Sum\u00e9, est\u00e1 inclu\u00eddo, a pedido do prefeito \u00c9den, o a\u00e7ude do s\u00edtio Formigueiro.<\/p>\n","protected":false},"excerpt":{"rendered":"<p>O Prefeito de Sum\u00e9, \u00c9den Duarte, manteve esteve reunido nesta segunda-feira, dia 01\/02, com o secret\u00e1rio da Infraestrutura e Recursos H\u00eddricos, Deusdete Queiroga, e com&hellip; <\/p>\n","protected":false},"author":6,"featured_media":204900,"comment_status":"closed","ping_status":"closed","sticky":false,"template":"","format":"standard","meta":{"sfsi_plus_gutenberg_text_before_share":"","sfsi_plus_gutenberg_show_text_before_share":"","sfsi_plus_gutenberg_icon_type":"","sfsi_plus_gutenberg_icon_alignemt":"","sfsi_plus_gutenburg_max_per_row":"","footnotes":""},"categories":[50,95],"tags":[],"class_list":["post-204897","post","type-post","status-publish","format-standard","has-post-thumbnail","hentry","category-destaque","category-sume"],"_links":{"self":[{"href":"https:\/\/www.caririemacao.com\/1\/wp-json\/wp\/v2\/posts\/204897","targetHints":{"allow":["GET"]}}],"collection":[{"href":"https:\/\/www.caririemacao.com\/1\/wp-json\/wp\/v2\/posts"}],"about":[{"href":"https:\/\/www.caririemacao.com\/1\/wp-json\/wp\/v2\/types\/post"}],"author":[{"embeddable":true,"href":"https:\/\/www.caririemacao.com\/1\/wp-json\/wp\/v2\/users\/6"}],"replies":[{"embeddable":true,"href":"https:\/\/www.caririemacao.com\/1\/wp-json\/wp\/v2\/comments?post=204897"}],"version-history":[{"count":1,"href":"https:\/\/www.caririemacao.com\/1\/wp-json\/wp\/v2\/posts\/204897\/revisions"}],"predecessor-version":[{"id":204898,"href":"https:\/\/www.caririemacao.com\/1\/wp-json\/wp\/v2\/posts\/204897\/revisions\/204898"}],"wp:featuredmedia":[{"embeddable":true,"href":"https:\/\/www.caririemacao.com\/1\/wp-json\/wp\/v2\/media\/204900"}],"wp:attachment":[{"href":"https:\/\/www.caririemacao.com\/1\/wp-json\/wp\/v2\/media?parent=204897"}],"wp:term":[{"taxonomy":"category","embeddable":true,"href":"https:\/\/www.caririemacao.com\/1\/wp-json\/wp\/v2\/categories?post=204897"},{"taxonomy":"post_tag","embeddable":true,"href":"https:\/\/www.caririemacao.com\/1\/wp-json\/wp\/v2\/tags?post=204897"}],"curies":[{"name":"wp","href":"https:\/\/api.w.org\/{rel}","templated":true}]}}