{"id":204902,"date":"2021-02-01T20:26:46","date_gmt":"2021-02-01T23:26:46","guid":{"rendered":"https:\/\/www.caririemacao.com\/1\/?p=204902"},"modified":"2021-02-01T20:26:48","modified_gmt":"2021-02-01T23:26:48","slug":"camara-de-vereadores-de-camalau-retorna-atividades-a-partir-desta-sexta-feira-5","status":"publish","type":"post","link":"https:\/\/www.caririemacao.com\/1\/2021\/02\/01\/camara-de-vereadores-de-camalau-retorna-atividades-a-partir-desta-sexta-feira-5\/","title":{"rendered":"C\u00e2mara de Vereadores de Camala\u00fa retorna atividades  a partir desta sexta-feira (5)"},"content":{"rendered":"\n<p>O presidente da C\u00e2mara de Vereadores de Camala\u00fa, C\u00e9lio M\u00f4co, comunica a toda a comunidade que as atividades do Poder Legislativo referente ano de 2021 ser\u00e3o iniciadas na pr\u00f3xima sexta-feira (05). \u00a0<\/p>\n\n\n\n<p>A primeira sess\u00e3o ordin\u00e1ria ser\u00e1 presencial e ter\u00e1 in\u00edcio \u00e0s 18h, no Plen\u00e1rio da \u201cCasa Jo\u00e3o Galdino Chaves\u201d, obedecendo todos as medidas contra a Covid 19.<\/p>\n\n\n\n<p>A sess\u00e3o ordin\u00e1ria ser\u00e1 transmitida ao vivo nas redes sociais (facebook) do Cariri em A\u00e7\u00e3o e da C\u00e2mara Municipal.<\/p>\n","protected":false},"excerpt":{"rendered":"<p>O presidente da C\u00e2mara de Vereadores de Camala\u00fa, C\u00e9lio M\u00f4co, comunica a toda a comunidade que as atividades do Poder Legislativo referente ano de 2021&hellip; <\/p>\n","protected":false},"author":6,"featured_media":204903,"comment_status":"closed","ping_status":"closed","sticky":false,"template":"","format":"standard","meta":{"sfsi_plus_gutenberg_text_before_share":"","sfsi_plus_gutenberg_show_text_before_share":"","sfsi_plus_gutenberg_icon_type":"","sfsi_plus_gutenberg_icon_alignemt":"","sfsi_plus_gutenburg_max_per_row":"","footnotes":""},"categories":[71,50],"tags":[],"class_list":["post-204902","post","type-post","status-publish","format-standard","has-post-thumbnail","hentry","category-camalau","category-destaque"],"_links":{"self":[{"href":"https:\/\/www.caririemacao.com\/1\/wp-json\/wp\/v2\/posts\/204902","targetHints":{"allow":["GET"]}}],"collection":[{"href":"https:\/\/www.caririemacao.com\/1\/wp-json\/wp\/v2\/posts"}],"about":[{"href":"https:\/\/www.caririemacao.com\/1\/wp-json\/wp\/v2\/types\/post"}],"author":[{"embeddable":true,"href":"https:\/\/www.caririemacao.com\/1\/wp-json\/wp\/v2\/users\/6"}],"replies":[{"embeddable":true,"href":"https:\/\/www.caririemacao.com\/1\/wp-json\/wp\/v2\/comments?post=204902"}],"version-history":[{"count":1,"href":"https:\/\/www.caririemacao.com\/1\/wp-json\/wp\/v2\/posts\/204902\/revisions"}],"predecessor-version":[{"id":204904,"href":"https:\/\/www.caririemacao.com\/1\/wp-json\/wp\/v2\/posts\/204902\/revisions\/204904"}],"wp:featuredmedia":[{"embeddable":true,"href":"https:\/\/www.caririemacao.com\/1\/wp-json\/wp\/v2\/media\/204903"}],"wp:attachment":[{"href":"https:\/\/www.caririemacao.com\/1\/wp-json\/wp\/v2\/media?parent=204902"}],"wp:term":[{"taxonomy":"category","embeddable":true,"href":"https:\/\/www.caririemacao.com\/1\/wp-json\/wp\/v2\/categories?post=204902"},{"taxonomy":"post_tag","embeddable":true,"href":"https:\/\/www.caririemacao.com\/1\/wp-json\/wp\/v2\/tags?post=204902"}],"curies":[{"name":"wp","href":"https:\/\/api.w.org\/{rel}","templated":true}]}}