{"id":204905,"date":"2021-02-01T20:29:24","date_gmt":"2021-02-01T23:29:24","guid":{"rendered":"https:\/\/www.caririemacao.com\/1\/?p=204905"},"modified":"2021-02-01T20:29:25","modified_gmt":"2021-02-01T23:29:25","slug":"mais-um-acidente-de-automovel-na-regiao-do-cariri-deixa-mulher-gravemente-ferida","status":"publish","type":"post","link":"https:\/\/www.caririemacao.com\/1\/2021\/02\/01\/mais-um-acidente-de-automovel-na-regiao-do-cariri-deixa-mulher-gravemente-ferida\/","title":{"rendered":"Mais um acidente de autom\u00f3vel na regi\u00e3o do Cariri deixa mulher gravemente ferida"},"content":{"rendered":"\n<p>Nos \u00faltimos dias tem sido registrados diversos acidentes de carros e motos na regi\u00e3o do paraibano, resultando em mortes e pessoas com ferimentos graves.<\/p>\n\n\n\n<p>Nesta segunda-feira, 1\u00ba de fevereiro, mais um acidente foi registrado no munic\u00edpio do Congo com um ve\u00edculo que seria do munic\u00edpio de Cust\u00f3dia (PE).<\/p>\n\n\n\n<p>De acordo com informa\u00e7\u00f5es, tr\u00eas pessoas estavam no ve\u00edculo no momento quando o condutor perdeu o controle da dire\u00e7\u00e3o e capotou. Uma mulher que estava no carro foi socorrida em estado grave para Hospital e Maternidade Alice de Almeida em Sum\u00e9, em seguida transferida para Campina Grande<\/p>\n","protected":false},"excerpt":{"rendered":"<p>Nos \u00faltimos dias tem sido registrados diversos acidentes de carros e motos na regi\u00e3o do paraibano, resultando em mortes e pessoas com ferimentos graves. Nesta&hellip; <\/p>\n","protected":false},"author":6,"featured_media":204906,"comment_status":"closed","ping_status":"closed","sticky":false,"template":"","format":"standard","meta":{"sfsi_plus_gutenberg_text_before_share":"","sfsi_plus_gutenberg_show_text_before_share":"","sfsi_plus_gutenberg_icon_type":"","sfsi_plus_gutenberg_icon_alignemt":"","sfsi_plus_gutenburg_max_per_row":"","footnotes":""},"categories":[50,12],"tags":[],"class_list":["post-204905","post","type-post","status-publish","format-standard","has-post-thumbnail","hentry","category-destaque","category-policia"],"_links":{"self":[{"href":"https:\/\/www.caririemacao.com\/1\/wp-json\/wp\/v2\/posts\/204905","targetHints":{"allow":["GET"]}}],"collection":[{"href":"https:\/\/www.caririemacao.com\/1\/wp-json\/wp\/v2\/posts"}],"about":[{"href":"https:\/\/www.caririemacao.com\/1\/wp-json\/wp\/v2\/types\/post"}],"author":[{"embeddable":true,"href":"https:\/\/www.caririemacao.com\/1\/wp-json\/wp\/v2\/users\/6"}],"replies":[{"embeddable":true,"href":"https:\/\/www.caririemacao.com\/1\/wp-json\/wp\/v2\/comments?post=204905"}],"version-history":[{"count":1,"href":"https:\/\/www.caririemacao.com\/1\/wp-json\/wp\/v2\/posts\/204905\/revisions"}],"predecessor-version":[{"id":204907,"href":"https:\/\/www.caririemacao.com\/1\/wp-json\/wp\/v2\/posts\/204905\/revisions\/204907"}],"wp:featuredmedia":[{"embeddable":true,"href":"https:\/\/www.caririemacao.com\/1\/wp-json\/wp\/v2\/media\/204906"}],"wp:attachment":[{"href":"https:\/\/www.caririemacao.com\/1\/wp-json\/wp\/v2\/media?parent=204905"}],"wp:term":[{"taxonomy":"category","embeddable":true,"href":"https:\/\/www.caririemacao.com\/1\/wp-json\/wp\/v2\/categories?post=204905"},{"taxonomy":"post_tag","embeddable":true,"href":"https:\/\/www.caririemacao.com\/1\/wp-json\/wp\/v2\/tags?post=204905"}],"curies":[{"name":"wp","href":"https:\/\/api.w.org\/{rel}","templated":true}]}}