{"id":205189,"date":"2021-02-03T10:14:06","date_gmt":"2021-02-03T13:14:06","guid":{"rendered":"https:\/\/www.caririemacao.com\/1\/?p=205189"},"modified":"2021-02-03T10:14:07","modified_gmt":"2021-02-03T13:14:07","slug":"prefeitura-de-ouro-velho-anuncia-pagamento-acima-do-piso-para-professores-da-rede-municipal","status":"publish","type":"post","link":"https:\/\/www.caririemacao.com\/1\/2021\/02\/03\/prefeitura-de-ouro-velho-anuncia-pagamento-acima-do-piso-para-professores-da-rede-municipal\/","title":{"rendered":"Prefeitura de Ouro Velho anuncia pagamento acima do piso para professores da rede municipal"},"content":{"rendered":"\n<p class=\"wp-block-paragraph\">O Prefeito de&nbsp;<strong>Ouro Velho<\/strong>,<strong>&nbsp;Dr. Augusto Valadares<\/strong>&nbsp;(DEM), anunciou na semana passada a manuten\u00e7\u00e3o do reajuste do piso salarial para os professores da rede municipal de ensino, inclusive, os valores j\u00e1 foram creditados em conta no m\u00eas de janeiro de forma antecipada.<\/p>\n\n\n\n<p class=\"wp-block-paragraph\">Em 2020 o reajuste do piso nacional foi de 12,84%, contudo, a ex-prefeita Nat\u00e1lia Lira, aplicou o \u00edndice de 15%, par\u00e2metro esse, muito acima do piso nacional.<\/p>\n\n\n\n<p class=\"wp-block-paragraph\">Nesse ano de 2021 ser\u00e1 mantido o reajuste de 15% pelo atual prefeito.<\/p>\n\n\n\n<p class=\"wp-block-paragraph\">Esse aumento acima do piso estipulado, vem desde os tempos da prefeita Nat\u00e1lia Lira, assim, a categoria de professores ourovelhense acumula ganhos acima do estabelecido j\u00e1 h\u00e1 alguns anos.<\/p>\n\n\n\n<p class=\"wp-block-paragraph\">\u201cOuro Velho hoje \u00e9 um dos poucos munic\u00edpios do Brasil a pagar acima do teto, sendo uma refer\u00eancia para o Brasil e vamos continuar com essa pol\u00edtica de valoriza\u00e7\u00e3o dos profissionais da educa\u00e7\u00e3o do nosso munic\u00edpio\u201d, disse Dr. Augusto Valadares.<\/p>\n\n\n\n<p class=\"wp-block-paragraph\"><em>O Pipoco<\/em><\/p>\n","protected":false},"excerpt":{"rendered":"<p>O Prefeito de&nbsp;Ouro Velho,&nbsp;Dr. Augusto Valadares&nbsp;(DEM), anunciou na semana passada a manuten\u00e7\u00e3o do reajuste do piso salarial para os professores da rede municipal de ensino, inclusive, os valores j\u00e1 foram creditados em conta no m\u00eas de janeiro de forma antecipada. Em 2020 o reajuste do piso nacional foi de 12,84%, contudo, a ex-prefeita Nat\u00e1lia Lira, aplicou o \u00edndice de 15%, par\u00e2metro esse, muito acima do piso nacional. Nesse ano de 2021 ser\u00e1 mantido o reajuste de 15% pelo atual prefeito. Esse aumento acima do piso estipulado, vem desde os tempos da prefeita Nat\u00e1lia Lira, assim, a categoria de professores ourovelhense acumula ganhos acima do estabelecido j\u00e1 h\u00e1 alguns anos. \u201cOuro Velho hoje \u00e9 um dos poucos munic\u00edpios do Brasil a pagar acima do teto, sendo uma refer\u00eancia para o Brasil e vamos continuar com essa pol\u00edtica de valoriza\u00e7\u00e3o dos profissionais da educa\u00e7\u00e3o do nosso munic\u00edpio\u201d, disse Dr. Augusto Valadares. O Pipoco<\/p>\n","protected":false},"author":6,"featured_media":205190,"comment_status":"closed","ping_status":"closed","sticky":false,"template":"","format":"standard","meta":{"sfsi_plus_gutenberg_text_before_share":"","sfsi_plus_gutenberg_show_text_before_share":"","sfsi_plus_gutenberg_icon_type":"","sfsi_plus_gutenberg_icon_alignemt":"","sfsi_plus_gutenburg_max_per_row":"","footnotes":""},"categories":[82],"tags":[],"class_list":["post-205189","post","type-post","status-publish","format-standard","has-post-thumbnail","hentry","category-ouro-velho"],"_links":{"self":[{"href":"https:\/\/www.caririemacao.com\/1\/wp-json\/wp\/v2\/posts\/205189","targetHints":{"allow":["GET"]}}],"collection":[{"href":"https:\/\/www.caririemacao.com\/1\/wp-json\/wp\/v2\/posts"}],"about":[{"href":"https:\/\/www.caririemacao.com\/1\/wp-json\/wp\/v2\/types\/post"}],"author":[{"embeddable":true,"href":"https:\/\/www.caririemacao.com\/1\/wp-json\/wp\/v2\/users\/6"}],"replies":[{"embeddable":true,"href":"https:\/\/www.caririemacao.com\/1\/wp-json\/wp\/v2\/comments?post=205189"}],"version-history":[{"count":1,"href":"https:\/\/www.caririemacao.com\/1\/wp-json\/wp\/v2\/posts\/205189\/revisions"}],"predecessor-version":[{"id":205191,"href":"https:\/\/www.caririemacao.com\/1\/wp-json\/wp\/v2\/posts\/205189\/revisions\/205191"}],"wp:featuredmedia":[{"embeddable":true,"href":"https:\/\/www.caririemacao.com\/1\/wp-json\/wp\/v2\/media\/205190"}],"wp:attachment":[{"href":"https:\/\/www.caririemacao.com\/1\/wp-json\/wp\/v2\/media?parent=205189"}],"wp:term":[{"taxonomy":"category","embeddable":true,"href":"https:\/\/www.caririemacao.com\/1\/wp-json\/wp\/v2\/categories?post=205189"},{"taxonomy":"post_tag","embeddable":true,"href":"https:\/\/www.caririemacao.com\/1\/wp-json\/wp\/v2\/tags?post=205189"}],"curies":[{"name":"wp","href":"https:\/\/api.w.org\/{rel}","templated":true}]}}