{"id":205312,"date":"2021-02-04T06:42:52","date_gmt":"2021-02-04T09:42:52","guid":{"rendered":"https:\/\/www.caririemacao.com\/1\/?p=205312"},"modified":"2021-02-04T06:42:54","modified_gmt":"2021-02-04T09:42:54","slug":"sume-registra-05-casos-positivos-para-coronavirus-e-15-recuperados-nesta-quarta-feira-03","status":"publish","type":"post","link":"https:\/\/www.caririemacao.com\/1\/2021\/02\/04\/sume-registra-05-casos-positivos-para-coronavirus-e-15-recuperados-nesta-quarta-feira-03\/","title":{"rendered":"Sum\u00e9 registra 05 casos positivos para coronav\u00edrus e 15 recuperados nesta quarta-feira, 03"},"content":{"rendered":"\n<p class=\"wp-block-paragraph\">A Secretaria Municipal de Sa\u00fade de Sum\u00e9 registrou 05 casos positivos para o coronav\u00edrus nesta quarta-feira, 03.<\/p>\n\n\n\n<p class=\"wp-block-paragraph\">1\u00ba caso: sexo feminino, 29 anos, sem comorbidades, Alto Alegre;<\/p>\n\n\n\n<p class=\"wp-block-paragraph\">2\u00ba caso: sexo feminino, 51 anos, sem comorbidades, Alto Alegre;<\/p>\n\n\n\n<p class=\"wp-block-paragraph\">3\u00ba caso: sexo feminino, 41 anos, sem comorbidades, Conjunto Habitacional;<\/p>\n\n\n\n<p class=\"wp-block-paragraph\">4\u00ba caso: sexo masculino. 7 meses, sem comorbidades, Conjunto Habitacional;<\/p>\n\n\n\n<p class=\"wp-block-paragraph\">5\u00ba caso: sexo feminino, 38 anos, sem comorbidades, Centro.<\/p>\n\n\n\n<p class=\"wp-block-paragraph\">Foram registrados 15 casos recuperados na data de hoje.<\/p>\n\n\n\n<p class=\"wp-block-paragraph\">Sum\u00e9 registrou mais um \u00f3bito, paciente do sexo masculino, 76 anos, com comorbidades, Conjunto Habitacional.<\/p>\n\n\n\n<p class=\"wp-block-paragraph\">Ao perceber sintomas da Covid-19, n\u00e3o espere, procure uma Unidade de Sa\u00fade e solicite o atendimento precoce.<\/p>\n\n\n\n<p class=\"wp-block-paragraph\">Ascom PMS<\/p>\n","protected":false},"excerpt":{"rendered":"<p>A Secretaria Municipal de Sa\u00fade de Sum\u00e9 registrou 05 casos positivos para o coronav\u00edrus nesta quarta-feira, 03. 1\u00ba caso: sexo feminino, 29 anos, sem comorbidades, Alto Alegre; 2\u00ba caso: sexo feminino, 51 anos, sem comorbidades, Alto Alegre; 3\u00ba caso: sexo feminino, 41 anos, sem comorbidades, Conjunto Habitacional; 4\u00ba caso: sexo masculino. 7 meses, sem comorbidades, Conjunto Habitacional; 5\u00ba caso: sexo feminino, 38 anos, sem comorbidades, Centro. Foram registrados 15 casos recuperados na data de hoje. Sum\u00e9 registrou mais um \u00f3bito, paciente do sexo masculino, 76 anos, com comorbidades, Conjunto Habitacional. Ao perceber sintomas da Covid-19, n\u00e3o espere, procure uma Unidade de Sa\u00fade e solicite o atendimento precoce. Ascom PMS<\/p>\n","protected":false},"author":6,"featured_media":205313,"comment_status":"closed","ping_status":"closed","sticky":false,"template":"","format":"standard","meta":{"sfsi_plus_gutenberg_text_before_share":"","sfsi_plus_gutenberg_show_text_before_share":"","sfsi_plus_gutenberg_icon_type":"","sfsi_plus_gutenberg_icon_alignemt":"","sfsi_plus_gutenburg_max_per_row":"","footnotes":""},"categories":[95],"tags":[],"class_list":["post-205312","post","type-post","status-publish","format-standard","has-post-thumbnail","hentry","category-sume"],"_links":{"self":[{"href":"https:\/\/www.caririemacao.com\/1\/wp-json\/wp\/v2\/posts\/205312","targetHints":{"allow":["GET"]}}],"collection":[{"href":"https:\/\/www.caririemacao.com\/1\/wp-json\/wp\/v2\/posts"}],"about":[{"href":"https:\/\/www.caririemacao.com\/1\/wp-json\/wp\/v2\/types\/post"}],"author":[{"embeddable":true,"href":"https:\/\/www.caririemacao.com\/1\/wp-json\/wp\/v2\/users\/6"}],"replies":[{"embeddable":true,"href":"https:\/\/www.caririemacao.com\/1\/wp-json\/wp\/v2\/comments?post=205312"}],"version-history":[{"count":1,"href":"https:\/\/www.caririemacao.com\/1\/wp-json\/wp\/v2\/posts\/205312\/revisions"}],"predecessor-version":[{"id":205314,"href":"https:\/\/www.caririemacao.com\/1\/wp-json\/wp\/v2\/posts\/205312\/revisions\/205314"}],"wp:featuredmedia":[{"embeddable":true,"href":"https:\/\/www.caririemacao.com\/1\/wp-json\/wp\/v2\/media\/205313"}],"wp:attachment":[{"href":"https:\/\/www.caririemacao.com\/1\/wp-json\/wp\/v2\/media?parent=205312"}],"wp:term":[{"taxonomy":"category","embeddable":true,"href":"https:\/\/www.caririemacao.com\/1\/wp-json\/wp\/v2\/categories?post=205312"},{"taxonomy":"post_tag","embeddable":true,"href":"https:\/\/www.caririemacao.com\/1\/wp-json\/wp\/v2\/tags?post=205312"}],"curies":[{"name":"wp","href":"https:\/\/api.w.org\/{rel}","templated":true}]}}