{"id":205315,"date":"2021-02-04T06:44:29","date_gmt":"2021-02-04T09:44:29","guid":{"rendered":"https:\/\/www.caririemacao.com\/1\/?p=205315"},"modified":"2021-02-04T06:44:32","modified_gmt":"2021-02-04T09:44:32","slug":"prefeitura-de-sume-abre-processo-seletivo-para-contratacao-de-medico","status":"publish","type":"post","link":"https:\/\/www.caririemacao.com\/1\/2021\/02\/04\/prefeitura-de-sume-abre-processo-seletivo-para-contratacao-de-medico\/","title":{"rendered":"Prefeitura de Sum\u00e9 abre Processo Seletivo para contrata\u00e7\u00e3o de m\u00e9dico"},"content":{"rendered":"\n<p class=\"wp-block-paragraph\">A Prefeitura do Munic\u00edpio de Sum\u00e9, abre nesta quinta-feira (04), um Processo Seletivo Simplificado com vistas \u00e0 contrata\u00e7\u00e3o de m\u00e9dico, com forma\u00e7\u00e3o de cadastro de reserva, para contrato por tempo determinado de 06 meses a fim de atender ao excepcional interesse p\u00fablico da administra\u00e7\u00e3o.<\/p>\n\n\n\n<p class=\"wp-block-paragraph\">O profissional selecionado, caso convocado, ter\u00e1 uma carga hor\u00e1ria de 40 horas semanais com remunera\u00e7\u00e3o mensal de R$ 12.000,00.<\/p>\n\n\n\n<p class=\"wp-block-paragraph\">A inscri\u00e7\u00e3o do candidato se far\u00e1 mediante preenchimento de ficha de inscri\u00e7\u00e3o e envio de documentos exclusivamente pela internet, atrav\u00e9s do link:&nbsp;<a href=\"https:\/\/forms.gle\/Us7EJaWgAExDtvxj6\">https:\/\/forms.gle\/Us7EJaWgAExDtvxj6<\/a>.<\/p>\n\n\n\n<p class=\"wp-block-paragraph\">As inscri\u00e7\u00f5es poder\u00e3o ser realizadas nos dias 04 e 5 de fevereiro de 2021, das 7h \u00e0s 23h59 do mesmo dia, n\u00e3o haver\u00e1 pagamento de taxa de inscri\u00e7\u00e3o para presente Processo Seletivo Simplificado.<\/p>\n\n\n\n<p class=\"wp-block-paragraph\">N\u00e3o poder\u00e3o participar do Presente Processo Seletivo, servidores efetivos ou que j\u00e1 tenham contrato, v\u00ednculo, a qualquer t\u00edtulo com o Munic\u00edpio de Sum\u00e9, mesmo que haja compatibilidade do cargo e de hor\u00e1rio.<\/p>\n\n\n\n<p class=\"wp-block-paragraph\">Ascom\/PMS<\/p>\n","protected":false},"excerpt":{"rendered":"<p>A Prefeitura do Munic\u00edpio de Sum\u00e9, abre nesta quinta-feira (04), um Processo Seletivo Simplificado com vistas \u00e0 contrata\u00e7\u00e3o de m\u00e9dico, com forma\u00e7\u00e3o de cadastro de reserva, para contrato por tempo determinado de 06 meses a fim de atender ao excepcional interesse p\u00fablico da administra\u00e7\u00e3o. O profissional selecionado, caso convocado, ter\u00e1 uma carga hor\u00e1ria de 40 horas semanais com remunera\u00e7\u00e3o mensal de R$ 12.000,00. A inscri\u00e7\u00e3o do candidato se far\u00e1 mediante preenchimento de ficha de inscri\u00e7\u00e3o e envio de documentos exclusivamente pela internet, atrav\u00e9s do link:&nbsp;https:\/\/forms.gle\/Us7EJaWgAExDtvxj6. As inscri\u00e7\u00f5es poder\u00e3o ser realizadas nos dias 04 e 5 de fevereiro de 2021, das 7h \u00e0s 23h59 do mesmo dia, n\u00e3o haver\u00e1 pagamento de taxa de inscri\u00e7\u00e3o para presente Processo Seletivo Simplificado. N\u00e3o poder\u00e3o participar do Presente Processo Seletivo, servidores efetivos ou que j\u00e1 tenham contrato, v\u00ednculo, a qualquer t\u00edtulo com o Munic\u00edpio de Sum\u00e9, mesmo que haja compatibilidade do cargo e de hor\u00e1rio. Ascom\/PMS<\/p>\n","protected":false},"author":6,"featured_media":205316,"comment_status":"closed","ping_status":"closed","sticky":false,"template":"","format":"standard","meta":{"sfsi_plus_gutenberg_text_before_share":"","sfsi_plus_gutenberg_show_text_before_share":"","sfsi_plus_gutenberg_icon_type":"","sfsi_plus_gutenberg_icon_alignemt":"","sfsi_plus_gutenburg_max_per_row":"","footnotes":""},"categories":[109,95],"tags":[],"class_list":["post-205315","post","type-post","status-publish","format-standard","has-post-thumbnail","hentry","category-concurso","category-sume"],"_links":{"self":[{"href":"https:\/\/www.caririemacao.com\/1\/wp-json\/wp\/v2\/posts\/205315","targetHints":{"allow":["GET"]}}],"collection":[{"href":"https:\/\/www.caririemacao.com\/1\/wp-json\/wp\/v2\/posts"}],"about":[{"href":"https:\/\/www.caririemacao.com\/1\/wp-json\/wp\/v2\/types\/post"}],"author":[{"embeddable":true,"href":"https:\/\/www.caririemacao.com\/1\/wp-json\/wp\/v2\/users\/6"}],"replies":[{"embeddable":true,"href":"https:\/\/www.caririemacao.com\/1\/wp-json\/wp\/v2\/comments?post=205315"}],"version-history":[{"count":1,"href":"https:\/\/www.caririemacao.com\/1\/wp-json\/wp\/v2\/posts\/205315\/revisions"}],"predecessor-version":[{"id":205317,"href":"https:\/\/www.caririemacao.com\/1\/wp-json\/wp\/v2\/posts\/205315\/revisions\/205317"}],"wp:featuredmedia":[{"embeddable":true,"href":"https:\/\/www.caririemacao.com\/1\/wp-json\/wp\/v2\/media\/205316"}],"wp:attachment":[{"href":"https:\/\/www.caririemacao.com\/1\/wp-json\/wp\/v2\/media?parent=205315"}],"wp:term":[{"taxonomy":"category","embeddable":true,"href":"https:\/\/www.caririemacao.com\/1\/wp-json\/wp\/v2\/categories?post=205315"},{"taxonomy":"post_tag","embeddable":true,"href":"https:\/\/www.caririemacao.com\/1\/wp-json\/wp\/v2\/tags?post=205315"}],"curies":[{"name":"wp","href":"https:\/\/api.w.org\/{rel}","templated":true}]}}