{"id":206078,"date":"2021-02-10T12:43:40","date_gmt":"2021-02-10T15:43:40","guid":{"rendered":"https:\/\/www.caririemacao.com\/1\/?p=206078"},"modified":"2021-02-10T12:43:43","modified_gmt":"2021-02-10T15:43:43","slug":"despedida-de-maranhao-comocao-reconhecimento-e-aglomeracao","status":"publish","type":"post","link":"https:\/\/www.caririemacao.com\/1\/2021\/02\/10\/despedida-de-maranhao-comocao-reconhecimento-e-aglomeracao\/","title":{"rendered":"Despedida de Maranh\u00e3o: como\u00e7\u00e3o, reconhecimento e aglomera\u00e7\u00e3o"},"content":{"rendered":"\n<p class=\"wp-block-paragraph\">As grandes homenagens t\u00eam o seu simbolismo, sua import\u00e2ncia. \u00c9 ineg\u00e1vel. No caso do senador Jos\u00e9 Maranh\u00e3o (MDB), com quase 70 anos de vida p\u00fablica, reconhecimento e servi\u00e7os prestados \u00e0 PB, o desejo de fechar um ciclo de maneira marcante \u00e9 ainda mais forte.\u00a0O pol\u00edtico paraibano morreu na \u00faltima segunda-feira (08), aos 87 anos de idade.<\/p>\n\n\n\n<p class=\"wp-block-paragraph\">Mas \u00e9 preciso registrar que, neste momento, homenagens como as que a gente viu ontem no hangar estadual, no aeroporto Castro Pinto, e no Pal\u00e1cio da Reden\u00e7\u00e3o, s\u00f3 colocam mais pessoas em risco de contamina\u00e7\u00e3o pelo coronav\u00edrus.<\/p>\n\n\n\n<p class=\"wp-block-paragraph\">Um contrassenso, afinal, foi por causa desse v\u00edrus maldito que o senador Jos\u00e9 Maranh\u00e3o morreu.<\/p>\n\n\n\n<p class=\"wp-block-paragraph\">No Pal\u00e1cio, o rol de entrada ficou tomado por autoridades, familiares, imprensa, funcion\u00e1rios do Pal\u00e1cio. Aglomera\u00e7\u00e3o, calor, muito contato f\u00edsico. Com v\u00edrus por ali, bastava um descuido. Ningu\u00e9m me contou. Estava l\u00e1 e vi.<\/p>\n\n\n\n<p class=\"wp-block-paragraph\">Na parte de fora, a organiza\u00e7\u00e3o fez tudo. Colocou grades, muita gente trabalhando para manter o distanciamento. Por\u00e9m, a entrada para forma\u00e7\u00e3o da fila era um funil e muitos idosos, admiradores predominantes do senador, se apertaram, se espremeram para entrar na \u00e1rea \u201cmais segura\u201d da fila, com demarca\u00e7\u00e3o no solo.<\/p>\n\n\n\n<p class=\"wp-block-paragraph\">J\u00e1 perto da porta do Pal\u00e1cio, passaram rapidamente, com todo cuidado para olhar para Maranh\u00e3o pela \u00faltima vez.<\/p>\n\n\n\n<p class=\"wp-block-paragraph\">Esse tipo de aglomera\u00e7\u00e3o tamb\u00e9m aconteceu na despedida do\u00a0ex-prefeito de Bayeux, Expedito Pereira, que morreu assassinado,\u00a0e com artistas que foram velados aqui na Para\u00edba.<\/p>\n\n\n\n<p class=\"wp-block-paragraph\">A conclus\u00e3o \u00e9: neste momento, mesmo com muita vontade, \u00e9 preciso criar um maneira mais saud\u00e1vel, mais segura, eficiente de fazer esse tipo de homenagem. Com como\u00e7\u00e3o, reconhecimento, mas sem aglomera\u00e7\u00e3o.<\/p>\n\n\n\n<p class=\"wp-block-paragraph\">Com Blog Jornal da Para\u00edba<\/p>\n","protected":false},"excerpt":{"rendered":"<p>As grandes homenagens t\u00eam o seu simbolismo, sua import\u00e2ncia. \u00c9 ineg\u00e1vel. No caso do senador Jos\u00e9 Maranh\u00e3o (MDB), com quase 70 anos de vida p\u00fablica, reconhecimento e servi\u00e7os prestados \u00e0 PB, o desejo de fechar um ciclo de maneira marcante \u00e9 ainda mais forte.\u00a0O pol\u00edtico paraibano morreu na \u00faltima segunda-feira (08), aos 87 anos de idade. Mas \u00e9 preciso registrar que, neste momento, homenagens como as que a gente viu ontem no hangar estadual, no aeroporto Castro Pinto, e no Pal\u00e1cio da Reden\u00e7\u00e3o, s\u00f3 colocam mais pessoas em risco de contamina\u00e7\u00e3o pelo coronav\u00edrus. Um contrassenso, afinal, foi por causa desse v\u00edrus maldito que o senador Jos\u00e9 Maranh\u00e3o morreu. No Pal\u00e1cio, o rol de entrada ficou tomado por autoridades, familiares, imprensa, funcion\u00e1rios do Pal\u00e1cio. Aglomera\u00e7\u00e3o, calor, muito contato f\u00edsico. Com v\u00edrus por ali, bastava um descuido. Ningu\u00e9m me contou. Estava l\u00e1 e vi. Na parte de fora, a organiza\u00e7\u00e3o fez tudo. Colocou grades, muita gente trabalhando para manter o distanciamento. Por\u00e9m, a entrada para forma\u00e7\u00e3o da fila era um funil e muitos idosos, admiradores predominantes do senador, se apertaram, se espremeram para entrar na \u00e1rea \u201cmais segura\u201d da fila, com demarca\u00e7\u00e3o no solo. J\u00e1 perto da porta do Pal\u00e1cio, passaram rapidamente, com todo cuidado para olhar para Maranh\u00e3o pela \u00faltima vez. Esse tipo de aglomera\u00e7\u00e3o tamb\u00e9m aconteceu na despedida do\u00a0ex-prefeito de Bayeux, Expedito Pereira, que morreu assassinado,\u00a0e com artistas que foram velados aqui na Para\u00edba. A conclus\u00e3o \u00e9: neste momento, mesmo com muita vontade, \u00e9 preciso criar um maneira mais saud\u00e1vel, mais segura, eficiente de fazer esse tipo de homenagem. Com como\u00e7\u00e3o, reconhecimento, mas sem aglomera\u00e7\u00e3o. Com Blog Jornal da Para\u00edba<\/p>\n","protected":false},"author":6,"featured_media":206103,"comment_status":"closed","ping_status":"closed","sticky":false,"template":"","format":"standard","meta":{"sfsi_plus_gutenberg_text_before_share":"","sfsi_plus_gutenberg_show_text_before_share":"","sfsi_plus_gutenberg_icon_type":"","sfsi_plus_gutenberg_icon_alignemt":"","sfsi_plus_gutenburg_max_per_row":"","footnotes":""},"categories":[50],"tags":[],"class_list":["post-206078","post","type-post","status-publish","format-standard","has-post-thumbnail","hentry","category-destaque"],"_links":{"self":[{"href":"https:\/\/www.caririemacao.com\/1\/wp-json\/wp\/v2\/posts\/206078","targetHints":{"allow":["GET"]}}],"collection":[{"href":"https:\/\/www.caririemacao.com\/1\/wp-json\/wp\/v2\/posts"}],"about":[{"href":"https:\/\/www.caririemacao.com\/1\/wp-json\/wp\/v2\/types\/post"}],"author":[{"embeddable":true,"href":"https:\/\/www.caririemacao.com\/1\/wp-json\/wp\/v2\/users\/6"}],"replies":[{"embeddable":true,"href":"https:\/\/www.caririemacao.com\/1\/wp-json\/wp\/v2\/comments?post=206078"}],"version-history":[{"count":1,"href":"https:\/\/www.caririemacao.com\/1\/wp-json\/wp\/v2\/posts\/206078\/revisions"}],"predecessor-version":[{"id":206104,"href":"https:\/\/www.caririemacao.com\/1\/wp-json\/wp\/v2\/posts\/206078\/revisions\/206104"}],"wp:featuredmedia":[{"embeddable":true,"href":"https:\/\/www.caririemacao.com\/1\/wp-json\/wp\/v2\/media\/206103"}],"wp:attachment":[{"href":"https:\/\/www.caririemacao.com\/1\/wp-json\/wp\/v2\/media?parent=206078"}],"wp:term":[{"taxonomy":"category","embeddable":true,"href":"https:\/\/www.caririemacao.com\/1\/wp-json\/wp\/v2\/categories?post=206078"},{"taxonomy":"post_tag","embeddable":true,"href":"https:\/\/www.caririemacao.com\/1\/wp-json\/wp\/v2\/tags?post=206078"}],"curies":[{"name":"wp","href":"https:\/\/api.w.org\/{rel}","templated":true}]}}