{"id":206089,"date":"2021-02-10T11:10:56","date_gmt":"2021-02-10T14:10:56","guid":{"rendered":"https:\/\/www.caririemacao.com\/1\/?p=206089"},"modified":"2021-02-10T11:11:01","modified_gmt":"2021-02-10T14:11:01","slug":"equipe-de-guedes-e-contra-recriar-cpmf-para-bancar-nova-rodada-do-auxilio-emergencial","status":"publish","type":"post","link":"https:\/\/www.caririemacao.com\/1\/2021\/02\/10\/equipe-de-guedes-e-contra-recriar-cpmf-para-bancar-nova-rodada-do-auxilio-emergencial\/","title":{"rendered":"Equipe de Guedes \u00e9 contra recriar CPMF para bancar nova rodada do aux\u00edlio emergencial"},"content":{"rendered":"\n<p class=\"wp-block-paragraph\">Em reuni\u00f5es com\u00a0os novos comandos da C\u00e2mara e do Senado\u00a0e a \u00e1rea pol\u00edtica do governo, a equipe do ministro da Economia,\u00a0Paulo Guedes, tem se oposto \u00e0 cria\u00e7\u00e3o de um novo imposto, mesmo que tempor\u00e1rio, para bancar uma nova rodada do\u00a0aux\u00edlio emergencial.<\/p>\n\n\n\n<p class=\"wp-block-paragraph\">Nos \u00faltimos dias, cresceu dentro do governo a defesa da cria\u00e7\u00e3o de um tributo nos moldes da antiga CPMF, tempor\u00e1rio, para bancar a nova ajuda aos\u00a0brasileiros afetados pela pandemia.<\/p>\n\n\n\n<p class=\"wp-block-paragraph\">Segundo integrantes da equipe econ\u00f4mica que participaram de reuni\u00f5es nos \u00faltimos dias, o ministro Paulo Guedes segue defendendo que o pagamento do aux\u00edlio emergencial por mais alguns meses\u00a0precisa ser compensado com cortes de gastos, n\u00e3o com aumento de tributos.<\/p>\n\n\n\n<figure class=\"wp-block-image\"><img decoding=\"async\" src=\"https:\/\/s03.video.glbimg.com\/x240\/9252294.jpg\" alt=\"Retomada do aux\u00edlio emergencial pode ser anunciada nesta semana\" title=\"Retomada do aux\u00edlio emergencial pode ser anunciada nesta semana\"\/><\/figure>\n\n\n\n<p class=\"wp-block-paragraph\">Retomada do aux\u00edlio emergencial pode ser anunciada nesta semana<\/p>\n\n\n\n<p class=\"wp-block-paragraph\">O presidente\u00a0Jair Bolsonaro\u00a0tem repetido nos \u00faltimos dias a promessa de campanha de que o governo n\u00e3o ir\u00e1 propor aumento de impostos.<\/p>\n\n\n\n<p class=\"wp-block-paragraph\">Um novo imposto nos moldes da CPMF, que o governo chama de imposto sobre transa\u00e7\u00f5es, \u00e9 defendido para desonerar a folha de pagamentos das empresas, o que o governo defende que ajudar\u00e1 na manuten\u00e7\u00e3o e cria\u00e7\u00e3o de empregos.<\/p>\n\n\n\n<p class=\"wp-block-paragraph\">A interlocutores, o ministro da Economia tem elogiado o novo comando das duas casas do Legislativo, afirmando que o di\u00e1logo tem sido \u201cmuito construtivo\u201d. A refer\u00eancia \u00e9 ao novo presidente da C\u00e2mara dos Deputados,\u00a0Arthur Lira, e o presidente do Senado,\u00a0Rodrigo Pacheco.<\/p>\n\n\n\n<p class=\"wp-block-paragraph\">Segundo um integrante do governo que tem participado das reuni\u00f5es para discutir a nova ajuda \u00e0 popula\u00e7\u00e3o, a equipe de Guedes vem defendendo uma contrapartida que estaria no que o ministro chama de \u201cPEC para crises fiscais\u201d, ou um novo marco legal para enfrentar crises futuras. N\u00e3o um aumento de imposto.<\/p>\n\n\n\n<p class=\"wp-block-paragraph\">\u201cA \u00e1rea econ\u00f4mica, que precisa zelar pelo equil\u00edbrio fiscal, compreendeu a urg\u00eancia do aux\u00edlio, e a \u00e1rea pol\u00edtica entendeu que \u00e9 preciso sinalizar com uma contrapartida\u201d, diz um integrante graduado do governo.<\/p>\n\n\n\n<p class=\"wp-block-paragraph\"><em>G1<\/em><\/p>\n","protected":false},"excerpt":{"rendered":"<p>Em reuni\u00f5es com\u00a0os novos comandos da C\u00e2mara e do Senado\u00a0e a \u00e1rea pol\u00edtica do governo, a equipe do ministro da Economia,\u00a0Paulo Guedes, tem se oposto \u00e0 cria\u00e7\u00e3o de um novo imposto, mesmo que tempor\u00e1rio, para bancar uma nova rodada do\u00a0aux\u00edlio emergencial. Nos \u00faltimos dias, cresceu dentro do governo a defesa da cria\u00e7\u00e3o de um tributo nos moldes da antiga CPMF, tempor\u00e1rio, para bancar a nova ajuda aos\u00a0brasileiros afetados pela pandemia. Segundo integrantes da equipe econ\u00f4mica que participaram de reuni\u00f5es nos \u00faltimos dias, o ministro Paulo Guedes segue defendendo que o pagamento do aux\u00edlio emergencial por mais alguns meses\u00a0precisa ser compensado com cortes de gastos, n\u00e3o com aumento de tributos. Retomada do aux\u00edlio emergencial pode ser anunciada nesta semana O presidente\u00a0Jair Bolsonaro\u00a0tem repetido nos \u00faltimos dias a promessa de campanha de que o governo n\u00e3o ir\u00e1 propor aumento de impostos. Um novo imposto nos moldes da CPMF, que o governo chama de imposto sobre transa\u00e7\u00f5es, \u00e9 defendido para desonerar a folha de pagamentos das empresas, o que o governo defende que ajudar\u00e1 na manuten\u00e7\u00e3o e cria\u00e7\u00e3o de empregos. A interlocutores, o ministro da Economia tem elogiado o novo comando das duas casas do Legislativo, afirmando que o di\u00e1logo tem sido \u201cmuito construtivo\u201d. A refer\u00eancia \u00e9 ao novo presidente da C\u00e2mara dos Deputados,\u00a0Arthur Lira, e o presidente do Senado,\u00a0Rodrigo Pacheco. Segundo um integrante do governo que tem participado das reuni\u00f5es para discutir a nova ajuda \u00e0 popula\u00e7\u00e3o, a equipe de Guedes vem defendendo uma contrapartida que estaria no que o ministro chama de \u201cPEC para crises fiscais\u201d, ou um novo marco legal para enfrentar crises futuras. N\u00e3o um aumento de imposto. \u201cA \u00e1rea econ\u00f4mica, que precisa zelar pelo equil\u00edbrio fiscal, compreendeu a urg\u00eancia do aux\u00edlio, e a \u00e1rea pol\u00edtica entendeu que \u00e9 preciso sinalizar com uma contrapartida\u201d, diz um integrante graduado do governo. G1<\/p>\n","protected":false},"author":6,"featured_media":187612,"comment_status":"closed","ping_status":"closed","sticky":false,"template":"","format":"standard","meta":{"sfsi_plus_gutenberg_text_before_share":"","sfsi_plus_gutenberg_show_text_before_share":"","sfsi_plus_gutenberg_icon_type":"","sfsi_plus_gutenberg_icon_alignemt":"","sfsi_plus_gutenburg_max_per_row":"","footnotes":""},"categories":[50,107,11],"tags":[],"class_list":["post-206089","post","type-post","status-publish","format-standard","has-post-thumbnail","hentry","category-destaque","category-economia","category-politica"],"_links":{"self":[{"href":"https:\/\/www.caririemacao.com\/1\/wp-json\/wp\/v2\/posts\/206089","targetHints":{"allow":["GET"]}}],"collection":[{"href":"https:\/\/www.caririemacao.com\/1\/wp-json\/wp\/v2\/posts"}],"about":[{"href":"https:\/\/www.caririemacao.com\/1\/wp-json\/wp\/v2\/types\/post"}],"author":[{"embeddable":true,"href":"https:\/\/www.caririemacao.com\/1\/wp-json\/wp\/v2\/users\/6"}],"replies":[{"embeddable":true,"href":"https:\/\/www.caririemacao.com\/1\/wp-json\/wp\/v2\/comments?post=206089"}],"version-history":[{"count":1,"href":"https:\/\/www.caririemacao.com\/1\/wp-json\/wp\/v2\/posts\/206089\/revisions"}],"predecessor-version":[{"id":206092,"href":"https:\/\/www.caririemacao.com\/1\/wp-json\/wp\/v2\/posts\/206089\/revisions\/206092"}],"wp:featuredmedia":[{"embeddable":true,"href":"https:\/\/www.caririemacao.com\/1\/wp-json\/wp\/v2\/media\/187612"}],"wp:attachment":[{"href":"https:\/\/www.caririemacao.com\/1\/wp-json\/wp\/v2\/media?parent=206089"}],"wp:term":[{"taxonomy":"category","embeddable":true,"href":"https:\/\/www.caririemacao.com\/1\/wp-json\/wp\/v2\/categories?post=206089"},{"taxonomy":"post_tag","embeddable":true,"href":"https:\/\/www.caririemacao.com\/1\/wp-json\/wp\/v2\/tags?post=206089"}],"curies":[{"name":"wp","href":"https:\/\/api.w.org\/{rel}","templated":true}]}}