{"id":206261,"date":"2021-02-11T09:58:44","date_gmt":"2021-02-11T12:58:44","guid":{"rendered":"https:\/\/www.caririemacao.com\/1\/?p=206261"},"modified":"2021-02-11T09:58:46","modified_gmt":"2021-02-11T12:58:46","slug":"caraubas-prefeitura-em-parceria-com-a-empaer-promove-reuniao-com-produtores-de-algodao-agroecologico","status":"publish","type":"post","link":"https:\/\/www.caririemacao.com\/1\/2021\/02\/11\/caraubas-prefeitura-em-parceria-com-a-empaer-promove-reuniao-com-produtores-de-algodao-agroecologico\/","title":{"rendered":"Cara\u00fabas: Prefeitura em parceria com a EMPAER promove reuni\u00e3o com produtores de algod\u00e3o agroecol\u00f3gico"},"content":{"rendered":"\n<p>A Prefeitura Municipal de Cara\u00fabas atrav\u00e9s da Secretaria da Agricultura e em parceria com o Governo do Estado da Para\u00edba atrav\u00e9s da EMPAER realizaram reuni\u00e3o com os produtores de algod\u00e3o agroecol\u00f3gico do munic\u00edpio. Participaram da reuni\u00e3o, al\u00e9m do secret\u00e1rio Rone Feitoza, o t\u00e9cnico da EMPAER, Genilson Bezerra e dezenas de agricultores.<\/p>\n\n\n\n<p>A reuni\u00e3o foi realizada no Centro de Apoio ao Produtor Rural, na Secretaria da Agricultura, na \u00faltima sexta-feira, dia 29\/1, no per\u00edodo matutino. Na reuni\u00e3o os produtores tomaram conhecimento de como ser\u00e1 realizado os procedimentos para o ano de 2021, haja vista, que ano passado a pareceria proporcionou a todos uma produ\u00e7\u00e3o consider\u00e1vel, haja vista que a m\u00e9dia por produtor foi de aproximadamente 800Kg\/hectare.<\/p>\n\n\n\n<p>O secret\u00e1rio Rone Feitoza informou que a Prefeitura disponibilizar\u00e1 em breve, os equipamentos para o preparo do solo como garantia dada pelo prefeito Silvano Dudu para que a continuidade da parceria j\u00e1 celebrada ano passado e que deu certo, afirmou ele.O t\u00e9cnico da EMPAER, Genilson Bezerra, disse que a empresa NORFIL ser\u00e1 a grande parceira mais uma vez, pois, ser\u00e1 a respons\u00e1vel por garantir a distribui\u00e7\u00e3o das sementes para o plantio e a comercializa\u00e7\u00e3o de toda produ\u00e7\u00e3o agr\u00edcola com a compra direta aos produtores de toda produ\u00e7\u00e3o org\u00e2nica.<\/p>\n\n\n\n<p>Esse ano o quilo do algod\u00e3o ser\u00e1 comprado ao pre\u00e7o de R$ 2,50(Dois Reais e Cinquenta Centavos), garantindo a empresa respons\u00e1vel pela compra a distribui\u00e7\u00e3o de sacos apropriados para o armazenamento. A assist\u00eancia t\u00e9cnica e todo o acompanhamento desde o plantio at\u00e9 a colheita fica a cargo do Governo do Estado atrav\u00e9s da EMPAER.<\/p>\n\n\n\n<p>Fonte: SEPLACOM<\/p>\n\n\n\n<p>Foto: Arquivo da SAA<a href=\"https:\/\/www.facebook.com\/Prefeitura-Municipal-de-Cara%C3%BAbas-700190323423427\/photos\/pcb.3541896132586151\/3541895885919509\/?__cft__[0]=AZVFre1DHmR5PR_qH6wJVNpcYv2sJ1Vxussit72uxF3VQtOAhUoYnUH3yPI32T4MGefhM-aTO1M_ZqtYVR7Oz4cuAEjKBGAS19BPhoA7HRuE_WBtAH8ALfY4NiCmi-bLghLOLrDRkogG1wpSL1qbPA4n&amp;__tn__=*bH-R\"><\/a><a href=\"https:\/\/www.facebook.com\/Prefeitura-Municipal-de-Cara%C3%BAbas-700190323423427\/photos\/pcb.3541896132586151\/3541895969252834\/?__cft__[0]=AZVFre1DHmR5PR_qH6wJVNpcYv2sJ1Vxussit72uxF3VQtOAhUoYnUH3yPI32T4MGefhM-aTO1M_ZqtYVR7Oz4cuAEjKBGAS19BPhoA7HRuE_WBtAH8ALfY4NiCmi-bLghLOLrDRkogG1wpSL1qbPA4n&amp;__tn__=*bH-R\"><\/a><a href=\"https:\/\/www.facebook.com\/Prefeitura-Municipal-de-Cara%C3%BAbas-700190323423427\/photos\/pcb.3541896132586151\/3541896032586161\/?__cft__[0]=AZVFre1DHmR5PR_qH6wJVNpcYv2sJ1Vxussit72uxF3VQtOAhUoYnUH3yPI32T4MGefhM-aTO1M_ZqtYVR7Oz4cuAEjKBGAS19BPhoA7HRuE_WBtAH8ALfY4NiCmi-bLghLOLrDRkogG1wpSL1qbPA4n&amp;__tn__=*bH-R\"><\/a><a href=\"https:\/\/www.facebook.com\/Prefeitura-Municipal-de-Cara%C3%BAbas-700190323423427\/photos\/pcb.3541896132586151\/3541896092586155\/?__cft__[0]=AZVFre1DHmR5PR_qH6wJVNpcYv2sJ1Vxussit72uxF3VQtOAhUoYnUH3yPI32T4MGefhM-aTO1M_ZqtYVR7Oz4cuAEjKBGAS19BPhoA7HRuE_WBtAH8ALfY4NiCmi-bLghLOLrDRkogG1wpSL1qbPA4n&amp;__tn__=*bH-R\"><\/a><\/p>\n","protected":false},"excerpt":{"rendered":"<p>A Prefeitura Municipal de Cara\u00fabas atrav\u00e9s da Secretaria da Agricultura e em parceria com o Governo do Estado da Para\u00edba atrav\u00e9s da EMPAER realizaram reuni\u00e3o&hellip; <\/p>\n","protected":false},"author":6,"featured_media":206265,"comment_status":"closed","ping_status":"closed","sticky":false,"template":"","format":"standard","meta":{"sfsi_plus_gutenberg_text_before_share":"","sfsi_plus_gutenberg_show_text_before_share":"","sfsi_plus_gutenberg_icon_type":"","sfsi_plus_gutenberg_icon_alignemt":"","sfsi_plus_gutenburg_max_per_row":"","footnotes":""},"categories":[6],"tags":[],"class_list":["post-206261","post","type-post","status-publish","format-standard","has-post-thumbnail","hentry","category-cidades"],"_links":{"self":[{"href":"https:\/\/www.caririemacao.com\/1\/wp-json\/wp\/v2\/posts\/206261","targetHints":{"allow":["GET"]}}],"collection":[{"href":"https:\/\/www.caririemacao.com\/1\/wp-json\/wp\/v2\/posts"}],"about":[{"href":"https:\/\/www.caririemacao.com\/1\/wp-json\/wp\/v2\/types\/post"}],"author":[{"embeddable":true,"href":"https:\/\/www.caririemacao.com\/1\/wp-json\/wp\/v2\/users\/6"}],"replies":[{"embeddable":true,"href":"https:\/\/www.caririemacao.com\/1\/wp-json\/wp\/v2\/comments?post=206261"}],"version-history":[{"count":1,"href":"https:\/\/www.caririemacao.com\/1\/wp-json\/wp\/v2\/posts\/206261\/revisions"}],"predecessor-version":[{"id":206266,"href":"https:\/\/www.caririemacao.com\/1\/wp-json\/wp\/v2\/posts\/206261\/revisions\/206266"}],"wp:featuredmedia":[{"embeddable":true,"href":"https:\/\/www.caririemacao.com\/1\/wp-json\/wp\/v2\/media\/206265"}],"wp:attachment":[{"href":"https:\/\/www.caririemacao.com\/1\/wp-json\/wp\/v2\/media?parent=206261"}],"wp:term":[{"taxonomy":"category","embeddable":true,"href":"https:\/\/www.caririemacao.com\/1\/wp-json\/wp\/v2\/categories?post=206261"},{"taxonomy":"post_tag","embeddable":true,"href":"https:\/\/www.caririemacao.com\/1\/wp-json\/wp\/v2\/tags?post=206261"}],"curies":[{"name":"wp","href":"https:\/\/api.w.org\/{rel}","templated":true}]}}