{"id":206270,"date":"2021-02-11T10:05:01","date_gmt":"2021-02-11T13:05:01","guid":{"rendered":"https:\/\/www.caririemacao.com\/1\/?p=206270"},"modified":"2021-02-11T10:05:05","modified_gmt":"2021-02-11T13:05:05","slug":"aumento-do-gas-de-cozinha-comeca-a-valer-na-paraiba-nesta-quinta-feira","status":"publish","type":"post","link":"https:\/\/www.caririemacao.com\/1\/2021\/02\/11\/aumento-do-gas-de-cozinha-comeca-a-valer-na-paraiba-nesta-quinta-feira\/","title":{"rendered":"Aumento do g\u00e1s de cozinha come\u00e7a a valer na Para\u00edba nesta quinta-feira"},"content":{"rendered":"\n<p>O novo reajuste do g\u00e1s de cozinha come\u00e7a a valer a partir desta quinta-feira (11), na Para\u00edba. O aumento foi autorizado pela Petrobr\u00e1s e j\u00e1 \u00e9 o segundo de 2021. A justificativa do aumento \u00e9 a instabilidade do mercado internacional de petr\u00f3leo.<\/p>\n\n\n\n<p>O percentual aplicado ser\u00e1 de 5,1% e, por isso, o botij\u00e3o de 13 quilos vai sofrer um aumento de, aproximadamente, R$ 5. Dessa forma, a compra \u00e0 vista vai ficar em torno de R$ 90 e a compra a prazo deve passar a custar entre R$ 92 e R$ 95.<\/p>\n\n\n\n<p>O aumento ser\u00e1 adotado por todas as revendedoras de g\u00e1s de cozinha da Para\u00edba.<\/p>\n\n\n\n<p><em>G1<\/em><\/p>\n","protected":false},"excerpt":{"rendered":"<p>O novo reajuste do g\u00e1s de cozinha come\u00e7a a valer a partir desta quinta-feira (11), na Para\u00edba. O aumento foi autorizado pela Petrobr\u00e1s e j\u00e1&hellip; <\/p>\n","protected":false},"author":6,"featured_media":206271,"comment_status":"closed","ping_status":"closed","sticky":false,"template":"","format":"standard","meta":{"sfsi_plus_gutenberg_text_before_share":"","sfsi_plus_gutenberg_show_text_before_share":"","sfsi_plus_gutenberg_icon_type":"","sfsi_plus_gutenberg_icon_alignemt":"","sfsi_plus_gutenburg_max_per_row":"","footnotes":""},"categories":[104],"tags":[],"class_list":["post-206270","post","type-post","status-publish","format-standard","has-post-thumbnail","hentry","category-paraiba"],"_links":{"self":[{"href":"https:\/\/www.caririemacao.com\/1\/wp-json\/wp\/v2\/posts\/206270","targetHints":{"allow":["GET"]}}],"collection":[{"href":"https:\/\/www.caririemacao.com\/1\/wp-json\/wp\/v2\/posts"}],"about":[{"href":"https:\/\/www.caririemacao.com\/1\/wp-json\/wp\/v2\/types\/post"}],"author":[{"embeddable":true,"href":"https:\/\/www.caririemacao.com\/1\/wp-json\/wp\/v2\/users\/6"}],"replies":[{"embeddable":true,"href":"https:\/\/www.caririemacao.com\/1\/wp-json\/wp\/v2\/comments?post=206270"}],"version-history":[{"count":1,"href":"https:\/\/www.caririemacao.com\/1\/wp-json\/wp\/v2\/posts\/206270\/revisions"}],"predecessor-version":[{"id":206272,"href":"https:\/\/www.caririemacao.com\/1\/wp-json\/wp\/v2\/posts\/206270\/revisions\/206272"}],"wp:featuredmedia":[{"embeddable":true,"href":"https:\/\/www.caririemacao.com\/1\/wp-json\/wp\/v2\/media\/206271"}],"wp:attachment":[{"href":"https:\/\/www.caririemacao.com\/1\/wp-json\/wp\/v2\/media?parent=206270"}],"wp:term":[{"taxonomy":"category","embeddable":true,"href":"https:\/\/www.caririemacao.com\/1\/wp-json\/wp\/v2\/categories?post=206270"},{"taxonomy":"post_tag","embeddable":true,"href":"https:\/\/www.caririemacao.com\/1\/wp-json\/wp\/v2\/tags?post=206270"}],"curies":[{"name":"wp","href":"https:\/\/api.w.org\/{rel}","templated":true}]}}