{"id":206737,"date":"2021-02-16T10:56:35","date_gmt":"2021-02-16T13:56:35","guid":{"rendered":"https:\/\/www.caririemacao.com\/1\/?p=206737"},"modified":"2021-02-16T10:56:37","modified_gmt":"2021-02-16T13:56:37","slug":"monteiro-chuvas-provocam-cheia-na-barragem-sao-jose-e-agricultores-se-alegram-com-a-chegada-do-inverno-veja-o-video","status":"publish","type":"post","link":"https:\/\/www.caririemacao.com\/1\/2021\/02\/16\/monteiro-chuvas-provocam-cheia-na-barragem-sao-jose-e-agricultores-se-alegram-com-a-chegada-do-inverno-veja-o-video\/","title":{"rendered":"MONTEIRO: Chuvas provocam cheia na barragem S\u00e3o Jos\u00e9 e agricultores se alegram com a chegada do inverno &#8211; Veja o v\u00eddeo."},"content":{"rendered":"\n<p>A regi\u00e3o do cariri paraibano na noite da \u00faltima segunda-feira (15) recebeu as primeiras chuvas do ano que animaram os agricultores da regi\u00e3o. A exemplo da cidade de Monteiro.<\/p>\n\n\n\n<p>Na capital do cariri, foi onde apresentou, segundo dados da AESA o maior \u00edndice pluviom\u00e9trico chegando a marcar 130 mm de chuva.<\/p>\n\n\n\n<p>Um dos mais conhecidos reservat\u00f3rios da cidade de Monteiro, a barragem de S\u00e3o Jos\u00e9, transbordou ap\u00f3s receber um grande volume de \u00e1gua. <strong>Veja no v\u00eddeo abaixo.<\/strong><\/p>\n\n\n\n<figure class=\"wp-block-video\"><video height=\"352\" style=\"aspect-ratio: 640 \/ 352;\" width=\"640\" controls src=\"https:\/\/www.caririemacao.com\/1\/wp-content\/uploads\/2021\/02\/WhatsApp-Video-2021-02-16-at-08.01.09-1.mp4\"><\/video><\/figure>\n\n\n\n<p><\/p>\n\n\n\n<p><\/p>\n\n\n\n<p><strong>Confira os dados pluviom\u00e9tricos de algumas cidades da regi\u00e3o, conforme dados coletados pela AESA:<\/strong><\/p>\n\n\n\n<p>Monteiro: 130 mm<\/p>\n\n\n\n<p>Ouro Velho: 80 mm<\/p>\n\n\n\n<p>Amparo: 76,2 mm<\/p>\n\n\n\n<p>S\u00e3o Jos\u00e9 dos Cordeiros: 75,1 mm<\/p>\n\n\n\n<p>Tapero\u00e1: 51,9 mm<\/p>\n\n\n\n<p>Prata: 30,3 mm<\/p>\n\n\n\n<p>Congo: 19,7<\/p>\n\n\n\n<p>Assun\u00e7\u00e3o: 18,5<\/p>\n\n\n\n<p>Serra Branca: 5,9 mm<\/p>\n\n\n\n<p>Sum\u00e9: 3,4 mm<\/p>\n\n\n\n<p>Zabel\u00ea: 2,6 mm<\/p>\n\n\n\n<p>Soledade: 0,2 mm<\/p>\n\n\n\n<ul class=\"wp-block-list\"><li>Dados sujeitos a altera\u00e7\u00f5es conforme destacou a Aesa.<\/li><\/ul>\n\n\n\n<p><\/p>\n\n\n\n<p>Reda\u00e7\u00e3o do Cariri em A\u00e7\u00e3o<\/p>\n\n\n\n<p> <\/p>\n","protected":false},"excerpt":{"rendered":"<p>A regi\u00e3o do cariri paraibano na noite da \u00faltima segunda-feira (15) recebeu as primeiras chuvas do ano que animaram os agricultores da regi\u00e3o. A exemplo&hellip; <\/p>\n","protected":false},"author":6,"featured_media":206739,"comment_status":"closed","ping_status":"closed","sticky":false,"template":"","format":"standard","meta":{"sfsi_plus_gutenberg_text_before_share":"","sfsi_plus_gutenberg_show_text_before_share":"","sfsi_plus_gutenberg_icon_type":"","sfsi_plus_gutenberg_icon_alignemt":"","sfsi_plus_gutenburg_max_per_row":"","footnotes":""},"categories":[106,81],"tags":[],"class_list":["post-206737","post","type-post","status-publish","format-standard","has-post-thumbnail","hentry","category-cariri","category-monteiro"],"_links":{"self":[{"href":"https:\/\/www.caririemacao.com\/1\/wp-json\/wp\/v2\/posts\/206737","targetHints":{"allow":["GET"]}}],"collection":[{"href":"https:\/\/www.caririemacao.com\/1\/wp-json\/wp\/v2\/posts"}],"about":[{"href":"https:\/\/www.caririemacao.com\/1\/wp-json\/wp\/v2\/types\/post"}],"author":[{"embeddable":true,"href":"https:\/\/www.caririemacao.com\/1\/wp-json\/wp\/v2\/users\/6"}],"replies":[{"embeddable":true,"href":"https:\/\/www.caririemacao.com\/1\/wp-json\/wp\/v2\/comments?post=206737"}],"version-history":[{"count":1,"href":"https:\/\/www.caririemacao.com\/1\/wp-json\/wp\/v2\/posts\/206737\/revisions"}],"predecessor-version":[{"id":206740,"href":"https:\/\/www.caririemacao.com\/1\/wp-json\/wp\/v2\/posts\/206737\/revisions\/206740"}],"wp:featuredmedia":[{"embeddable":true,"href":"https:\/\/www.caririemacao.com\/1\/wp-json\/wp\/v2\/media\/206739"}],"wp:attachment":[{"href":"https:\/\/www.caririemacao.com\/1\/wp-json\/wp\/v2\/media?parent=206737"}],"wp:term":[{"taxonomy":"category","embeddable":true,"href":"https:\/\/www.caririemacao.com\/1\/wp-json\/wp\/v2\/categories?post=206737"},{"taxonomy":"post_tag","embeddable":true,"href":"https:\/\/www.caririemacao.com\/1\/wp-json\/wp\/v2\/tags?post=206737"}],"curies":[{"name":"wp","href":"https:\/\/api.w.org\/{rel}","templated":true}]}}